{"id":4070,"date":"2019-01-24T08:42:03","date_gmt":"2019-01-24T08:42:03","guid":{"rendered":"https:\/\/www.paredes.es\/subeteporlasparedes\/?p=4070"},"modified":"2025-05-28T12:07:47","modified_gmt":"2025-05-28T10:07:47","slug":"eres-de-pies-frios-o-calientes","status":"publish","type":"post","link":"https:\/\/www.paredes.es\/subeteporlasparedes\/eres-de-pies-frios-o-calientes\/","title":{"rendered":"\u00bfEres de pies fr\u00edos o calientes? Cali\u00e9ntalos con nuestras REBAJAS"},"content":{"rendered":"<h2><strong>\u00bfEres de pies fr\u00edos en invierno o eres de tenerlos calientes a todas horas?<\/strong><\/h2>\n<p align=\"justify\">El\u00a090% de los <b>casos de<\/b><b>\u00a0pies fr\u00edos se debe a la mala circulaci\u00f3n sangu\u00ednea. <\/b>Es decir, si la sangre no llega correctamente hasta los pies, estos permanecer\u00e1n fr\u00edos. Y no solo los pies se enfr\u00edan: manos, nariz y orejas tambi\u00e9n sufren este problema.<!--more--><\/p>\n<p align=\"justify\">Otra causa com\u00fan de los <strong>pies fr\u00edos<\/strong> es\u00a0<b>el sudor excesivo<\/b>\u00a0de los pies combinado con un<strong> calzado o calcetines inadecuados<\/strong>.<\/p>\n<p>Adem\u00e1s el tener los\u00a0<strong>pies fr\u00edos<\/strong>\u00a0aumenta de forma considerable la sensaci\u00f3n de fr\u00edo en todo el cuerpo,\u00a0por eso es muy importante que mantengamos nuestros\u00a0<strong>pies<\/strong>\u00a0<strong>calientes<\/strong>.<\/p>\n<h2>\u00bfC\u00f3mo podemos mantener nuestros pies calientes en invierno?<\/h2>\n<p>Muy importante, el <strong>calzado,<\/strong> las<strong> plantillas<\/strong> y los <strong>calcetines <\/strong>entre otras recomendaciones:<\/p>\n<figure id=\"attachment_4076\" aria-describedby=\"caption-attachment-4076\" style=\"width: 1252px\" class=\"wp-caption aligncenter\"><a href=\"https:\/\/www.paredes.es\/es\/catalogo\/producto\/742\/cp18251\/juan-marron-oscuro\/\"><img fetchpriority=\"high\" decoding=\"async\" class=\"wp-image-4076 size-full\" title=\"Botas piel Paredes Lifestyle\" src=\"https:\/\/www.paredes.es\/subeteporlasparedes\/wp-content\/uploads\/2019\/01\/Bota-Juan-Paresdes-moda.png\" alt=\"\" width=\"1252\" height=\"382\" srcset=\"https:\/\/www.paredes.es\/subeteporlasparedes\/wp-content\/uploads\/2019\/01\/Bota-Juan-Paresdes-moda.png 1252w, https:\/\/www.paredes.es\/subeteporlasparedes\/wp-content\/uploads\/2019\/01\/Bota-Juan-Paresdes-moda-300x92.png 300w, https:\/\/www.paredes.es\/subeteporlasparedes\/wp-content\/uploads\/2019\/01\/Bota-Juan-Paresdes-moda-768x234.png 768w, https:\/\/www.paredes.es\/subeteporlasparedes\/wp-content\/uploads\/2019\/01\/Bota-Juan-Paresdes-moda-1000x305.png 1000w, https:\/\/www.paredes.es\/subeteporlasparedes\/wp-content\/uploads\/2019\/01\/Bota-Juan-Paresdes-moda-1200x366.png 1200w\" sizes=\"(max-width: 1252px) 100vw, 1252px\" \/><\/a><figcaption id=\"caption-attachment-4076\" class=\"wp-caption-text\">Botas Juan Antes 55&#8217;90 \u20ac &#8211; Ahora 41&#8217;90 \u20ac<\/figcaption><\/figure>\n<p>Procura usar\u00a0<strong>calzado<\/strong>\u00a0con\u00a0<strong>suela gruesa<\/strong>\u00a0y preferentemente de <strong>piel\u00a0<\/strong>\u00a0que no sea muy ajustado, para que\u00a0favorezca\u00a0la circulaci\u00f3n sangu\u00ednea.<\/p>\n<figure id=\"attachment_4077\" aria-describedby=\"caption-attachment-4077\" style=\"width: 1874px\" class=\"wp-caption aligncenter\"><a href=\"https:\/\/www.paredes.es\/es\/catalogo\/producto\/735\/cp18207\/pablo-marron\/\"><img decoding=\"async\" class=\"wp-image-4077 size-full\" title=\"Zapatillas piel Paredes Lifestyle\" src=\"https:\/\/www.paredes.es\/subeteporlasparedes\/wp-content\/uploads\/2019\/01\/zapatillas-pablo-paredes-moda.png\" alt=\"\" width=\"1874\" height=\"352\" srcset=\"https:\/\/www.paredes.es\/subeteporlasparedes\/wp-content\/uploads\/2019\/01\/zapatillas-pablo-paredes-moda.png 1874w, https:\/\/www.paredes.es\/subeteporlasparedes\/wp-content\/uploads\/2019\/01\/zapatillas-pablo-paredes-moda-300x56.png 300w, https:\/\/www.paredes.es\/subeteporlasparedes\/wp-content\/uploads\/2019\/01\/zapatillas-pablo-paredes-moda-768x144.png 768w, https:\/\/www.paredes.es\/subeteporlasparedes\/wp-content\/uploads\/2019\/01\/zapatillas-pablo-paredes-moda-1000x188.png 1000w, https:\/\/www.paredes.es\/subeteporlasparedes\/wp-content\/uploads\/2019\/01\/zapatillas-pablo-paredes-moda-1200x225.png 1200w\" sizes=\"(max-width: 1874px) 100vw, 1874px\" \/><\/a><figcaption id=\"caption-attachment-4077\" class=\"wp-caption-text\">Deportivos Casual Pablo Antes 52&#8217;90 \u20ac &#8211; Ahora 39&#8217;90 \u20ac<\/figcaption><\/figure>\n<p><strong>Ponerte unas\u00a0plantillas<em>\u00a0<\/em><\/strong>es una de las soluciones\u00a0m\u00e1s eficaces, r\u00e1pidas y sencillas para mantener los pies calientes. Existen plantillas anti humedad, como las que contamos en nuestra l\u00ednea profesional, dise\u00f1adas para evitar humedad, hongos y garantizando el bienestar y la comodidad del pie:<\/p>\n<p><a href=\"https:\/\/www.paredes.es\/es\/catalogo\/familia:seguridad\/categoria:complementos-seguridad\/\"><img decoding=\"async\" class=\"aligncenter wp-image-4080 size-full\" title=\"Plantillas profesionales Paredes\" src=\"https:\/\/www.paredes.es\/subeteporlasparedes\/wp-content\/uploads\/2019\/01\/plantillas-paredes.png\" alt=\"\" width=\"1820\" height=\"318\" srcset=\"https:\/\/www.paredes.es\/subeteporlasparedes\/wp-content\/uploads\/2019\/01\/plantillas-paredes.png 1820w, https:\/\/www.paredes.es\/subeteporlasparedes\/wp-content\/uploads\/2019\/01\/plantillas-paredes-300x52.png 300w, https:\/\/www.paredes.es\/subeteporlasparedes\/wp-content\/uploads\/2019\/01\/plantillas-paredes-768x134.png 768w, https:\/\/www.paredes.es\/subeteporlasparedes\/wp-content\/uploads\/2019\/01\/plantillas-paredes-1000x175.png 1000w, https:\/\/www.paredes.es\/subeteporlasparedes\/wp-content\/uploads\/2019\/01\/plantillas-paredes-1200x210.png 1200w\" sizes=\"(max-width: 1820px) 100vw, 1820px\" \/><\/a><\/p>\n<p><img loading=\"lazy\" decoding=\"async\" class=\"aligncenter wp-image-4081 size-full\" title=\"Calcetines profesionales Paredes\" src=\"https:\/\/www.paredes.es\/subeteporlasparedes\/wp-content\/uploads\/2019\/01\/calcetines-paredes.png\" alt=\"\" width=\"1706\" height=\"378\" srcset=\"https:\/\/www.paredes.es\/subeteporlasparedes\/wp-content\/uploads\/2019\/01\/calcetines-paredes.png 1706w, https:\/\/www.paredes.es\/subeteporlasparedes\/wp-content\/uploads\/2019\/01\/calcetines-paredes-300x66.png 300w, https:\/\/www.paredes.es\/subeteporlasparedes\/wp-content\/uploads\/2019\/01\/calcetines-paredes-768x170.png 768w, https:\/\/www.paredes.es\/subeteporlasparedes\/wp-content\/uploads\/2019\/01\/calcetines-paredes-1000x222.png 1000w, https:\/\/www.paredes.es\/subeteporlasparedes\/wp-content\/uploads\/2019\/01\/calcetines-paredes-1200x266.png 1200w\" sizes=\"(max-width: 1706px) 100vw, 1706px\" \/>Tambi\u00e9n es importante usar unos\u00a0<em><strong>calcetines espec\u00edficos<\/strong>\u00a0<\/em>para el fr\u00edo,\u00a0t\u00e9rmicos o que sean de <strong>algod\u00f3n<\/strong> o fibras naturales, como nuestros <strong>calcetines<\/strong> de nuestra l\u00ednea profesional:<\/p>\n<p>La\u00a0<strong>inactividad<\/strong>\u00a0tambi\u00e9n es una de las causas por las que tenemos los <strong>pies fr\u00edos<\/strong>. Nada como un poco de\u00a0movimiento para\u00a0<strong>reactivar la circulaci\u00f3n<\/strong>\u00a0y entrar en calor, adem\u00e1s de todos los beneficios que nos aporta hacer ejercicio regularmente. Con unos minutos al d\u00eda podemos caminar<strong>, ir en\u00a0<\/strong><strong>bici\u00a0<\/strong>o hacer\u00a0<strong>pilates<\/strong>\u00a0o\u00a0<strong>yoga,\u00a0<\/strong>suficiente para reactivarnos.<\/p>\n<div id='gallery-1' class='gallery galleryid-4070 gallery-columns-3 gallery-size-large'><figure class='gallery-item'>\n\t\t\t<div class='gallery-icon portrait'>\n\t\t\t\t<a href='https:\/\/www.paredes.es\/subeteporlasparedes\/eres-de-pies-frios-o-calientes\/processed-with-vsco-with-hb1-preset\/'><img loading=\"lazy\" decoding=\"async\" width=\"375\" height=\"500\" src=\"https:\/\/www.paredes.es\/subeteporlasparedes\/wp-content\/uploads\/2019\/01\/image8-375x500.jpeg\" class=\"attachment-large size-large\" alt=\"pies fr\u00edos en invierno post blog paredes\" aria-describedby=\"gallery-1-4083\" srcset=\"https:\/\/www.paredes.es\/subeteporlasparedes\/wp-content\/uploads\/2019\/01\/image8-375x500.jpeg 375w, https:\/\/www.paredes.es\/subeteporlasparedes\/wp-content\/uploads\/2019\/01\/image8-113x150.jpeg 113w, https:\/\/www.paredes.es\/subeteporlasparedes\/wp-content\/uploads\/2019\/01\/image8.jpeg 480w\" sizes=\"(max-width: 375px) 100vw, 375px\" \/><\/a>\n\t\t\t<\/div>\n\t\t\t\t<figcaption class='wp-caption-text gallery-caption' id='gallery-1-4083'>\n\t\t\t\tParedes Lifestyle &#8211; Javier Ortego Benito\n\t\t\t\t<\/figcaption><\/figure><figure class='gallery-item'>\n\t\t\t<div class='gallery-icon portrait'>\n\t\t\t\t<a href='https:\/\/www.paredes.es\/subeteporlasparedes\/eres-de-pies-frios-o-calientes\/26867229_158814021570136_6784729038280720384_n\/'><img loading=\"lazy\" decoding=\"async\" width=\"400\" height=\"500\" src=\"https:\/\/www.paredes.es\/subeteporlasparedes\/wp-content\/uploads\/2019\/01\/26867229_158814021570136_6784729038280720384_n-400x500.jpg\" class=\"attachment-large size-large\" alt=\"pies fr\u00edos en invierno post blog paredes\" aria-describedby=\"gallery-1-4086\" srcset=\"https:\/\/www.paredes.es\/subeteporlasparedes\/wp-content\/uploads\/2019\/01\/26867229_158814021570136_6784729038280720384_n-400x500.jpg 400w, https:\/\/www.paredes.es\/subeteporlasparedes\/wp-content\/uploads\/2019\/01\/26867229_158814021570136_6784729038280720384_n-120x150.jpg 120w, https:\/\/www.paredes.es\/subeteporlasparedes\/wp-content\/uploads\/2019\/01\/26867229_158814021570136_6784729038280720384_n-768x960.jpg 768w, https:\/\/www.paredes.es\/subeteporlasparedes\/wp-content\/uploads\/2019\/01\/26867229_158814021570136_6784729038280720384_n.jpg 1080w\" sizes=\"(max-width: 400px) 100vw, 400px\" \/><\/a>\n\t\t\t<\/div>\n\t\t\t\t<figcaption class='wp-caption-text gallery-caption' id='gallery-1-4086'>\n\t\t\t\tParedes Lifestyle &#8211; Marien Ruano\n\t\t\t\t<\/figcaption><\/figure><figure class='gallery-item'>\n\t\t\t<div class='gallery-icon portrait'>\n\t\t\t\t<a href='https:\/\/www.paredes.es\/subeteporlasparedes\/eres-de-pies-frios-o-calientes\/processed-with-vsco-with-hb1-preset-2\/'><img loading=\"lazy\" decoding=\"async\" width=\"375\" height=\"500\" src=\"https:\/\/www.paredes.es\/subeteporlasparedes\/wp-content\/uploads\/2019\/01\/image10-375x500.jpeg\" class=\"attachment-large size-large\" alt=\"pies fr\u00edos en invierno post blog paredes\" aria-describedby=\"gallery-1-4084\" srcset=\"https:\/\/www.paredes.es\/subeteporlasparedes\/wp-content\/uploads\/2019\/01\/image10-375x500.jpeg 375w, https:\/\/www.paredes.es\/subeteporlasparedes\/wp-content\/uploads\/2019\/01\/image10-113x150.jpeg 113w, https:\/\/www.paredes.es\/subeteporlasparedes\/wp-content\/uploads\/2019\/01\/image10.jpeg 480w\" sizes=\"(max-width: 375px) 100vw, 375px\" \/><\/a>\n\t\t\t<\/div>\n\t\t\t\t<figcaption class='wp-caption-text gallery-caption' id='gallery-1-4084'>\n\t\t\t\tParedes Lifestyle &#8211; Javier Ortego Benito\n\t\t\t\t<\/figcaption><\/figure>\n\t\t<\/div>\n\n<p>Si eres de hacer <strong>senderismo<\/strong>, desde luego obtendr\u00e1s muchos beneficios a todos los niveles (echa un vistazo <strong>aqu\u00ed<\/strong>), aparte de unos <strong>pies calientes<\/strong>:<\/p>\n<div id='gallery-2' class='gallery galleryid-4070 gallery-columns-3 gallery-size-large'><figure class='gallery-item'>\n\t\t\t<div class='gallery-icon portrait'>\n\t\t\t\t<a href='https:\/\/www.paredes.es\/subeteporlasparedes\/nuevas-zapatillas-trekking-subete-por-las-montanas\/paredes3-2\/'><img loading=\"lazy\" decoding=\"async\" width=\"334\" height=\"500\" src=\"https:\/\/www.paredes.es\/subeteporlasparedes\/wp-content\/uploads\/2018\/11\/Paredes3-334x500.jpg\" class=\"attachment-large size-large\" alt=\"Zapatillas Trekking Paredes\" srcset=\"https:\/\/www.paredes.es\/subeteporlasparedes\/wp-content\/uploads\/2018\/11\/Paredes3-334x500.jpg 334w, https:\/\/www.paredes.es\/subeteporlasparedes\/wp-content\/uploads\/2018\/11\/Paredes3-100x150.jpg 100w, https:\/\/www.paredes.es\/subeteporlasparedes\/wp-content\/uploads\/2018\/11\/Paredes3-768x1149.jpg 768w, https:\/\/www.paredes.es\/subeteporlasparedes\/wp-content\/uploads\/2018\/11\/Paredes3.jpg 1000w\" sizes=\"(max-width: 334px) 100vw, 334px\" \/><\/a>\n\t\t\t<\/div><\/figure><figure class='gallery-item'>\n\t\t\t<div class='gallery-icon portrait'>\n\t\t\t\t<a href='https:\/\/www.paredes.es\/subeteporlasparedes\/nuevas-zapatillas-trekking-subete-por-las-montanas\/zapatillas-trekking-paredes-1-2\/'><img loading=\"lazy\" decoding=\"async\" width=\"400\" height=\"500\" src=\"https:\/\/www.paredes.es\/subeteporlasparedes\/wp-content\/uploads\/2018\/11\/zapatillas-trekking-paredes-1-400x500.jpg\" class=\"attachment-large size-large\" alt=\"Zapatillas Trekking Paredes\" srcset=\"https:\/\/www.paredes.es\/subeteporlasparedes\/wp-content\/uploads\/2018\/11\/zapatillas-trekking-paredes-1-400x500.jpg 400w, https:\/\/www.paredes.es\/subeteporlasparedes\/wp-content\/uploads\/2018\/11\/zapatillas-trekking-paredes-1-120x150.jpg 120w, https:\/\/www.paredes.es\/subeteporlasparedes\/wp-content\/uploads\/2018\/11\/zapatillas-trekking-paredes-1-768x960.jpg 768w, https:\/\/www.paredes.es\/subeteporlasparedes\/wp-content\/uploads\/2018\/11\/zapatillas-trekking-paredes-1.jpg 1080w\" sizes=\"(max-width: 400px) 100vw, 400px\" \/><\/a>\n\t\t\t<\/div><\/figure>\n\t\t<\/div>\n\n<blockquote><p><strong>Aprovecha y disfruta de nuestras REBAJAS del -25% de descuento. Hazte con calzado de piel de primera calidad y ten pies calientes este invierno al mejor precio y calidad.<\/strong><\/p><\/blockquote>\n<p>\u00bfSe te ocurren m\u00e1s formas de mantener la temperatura de nuestros pies? Te esperamos en los comentarios!<\/p>\n","protected":false},"excerpt":{"rendered":"<p>\u00bfEres de pies fr\u00edos en invierno o eres de tenerlos calientes a todas horas? El\u00a090% de los casos de\u00a0pies fr\u00edos se debe a la mala circulaci\u00f3n sangu\u00ednea. Es decir, si la sangre no llega correctamente hasta los pies, estos permanecer\u00e1n fr\u00edos. Y no solo los pies se enfr\u00edan: manos, nariz y orejas tambi\u00e9n sufren este [&hellip;]<\/p>\n","protected":false},"author":1,"featured_media":4088,"comment_status":"open","ping_status":"open","sticky":false,"template":"","format":"standard","meta":{"sfsi_plus_gutenberg_text_before_share":"","sfsi_plus_gutenberg_show_text_before_share":"","sfsi_plus_gutenberg_icon_type":"","sfsi_plus_gutenberg_icon_alignemt":"","sfsi_plus_gutenburg_max_per_row":"","footnotes":""},"categories":[547,552],"tags":[333,417,414,413,412,415,416,226,236],"class_list":["post-4070","post","type-post","status-publish","format-standard","has-post-thumbnail","hentry","category-blog","category-curiosidades","tag-blog","tag-calcetines-termicos","tag-calzado-piel","tag-pies-calientes","tag-pies-frios","tag-plantillas-antihongos","tag-plantillas-antihumedad","tag-portada","tag-rebajas"],"yoast_head":"<!-- This site is optimized with the Yoast SEO plugin v27.7 - https:\/\/yoast.com\/product\/yoast-seo-wordpress\/ -->\n<title>\u00bfEres de pies fr\u00edos o calientes? | Paredes Lifestyle | Blog<\/title>\n<meta name=\"description\" content=\"\u00bfC\u00f3mo podemos mantener nuestros pies calientes en invierno? Muy importante son el calzado, las plantillas y los calcetines, estas son nuestras propuestas:\" \/>\n<meta name=\"robots\" content=\"index, follow, max-snippet:-1, max-image-preview:large, max-video-preview:-1\" \/>\n<link rel=\"canonical\" href=\"https:\/\/www.paredes.es\/subeteporlasparedes\/eres-de-pies-frios-o-calientes\/\" \/>\n<meta property=\"og:locale\" content=\"es_ES\" \/>\n<meta property=\"og:type\" content=\"article\" \/>\n<meta property=\"og:title\" content=\"\u00bfEres de pies fr\u00edos o calientes? | Paredes Lifestyle | Blog\" \/>\n<meta property=\"og:description\" content=\"\u00bfC\u00f3mo podemos mantener nuestros pies calientes en invierno? Muy importante son el calzado, las plantillas y los calcetines, estas son nuestras propuestas:\" \/>\n<meta property=\"og:url\" content=\"https:\/\/www.paredes.es\/subeteporlasparedes\/eres-de-pies-frios-o-calientes\/\" \/>\n<meta property=\"og:site_name\" content=\"S\u00fabete por las paredes\" \/>\n<meta property=\"article:published_time\" content=\"2019-01-24T08:42:03+00:00\" \/>\n<meta property=\"article:modified_time\" content=\"2025-05-28T10:07:47+00:00\" \/>\n<meta property=\"og:image\" content=\"https:\/\/www.paredes.es\/subeteporlasparedes\/wp-content\/uploads\/2019\/01\/pies-frios-pies-calientes-post-blog-paredes.jpg\" \/>\n\t<meta property=\"og:image:width\" content=\"1423\" \/>\n\t<meta property=\"og:image:height\" content=\"898\" \/>\n\t<meta property=\"og:image:type\" content=\"image\/jpeg\" \/>\n<meta name=\"author\" content=\"Paredes\" \/>\n<meta name=\"twitter:card\" content=\"summary_large_image\" \/>\n<meta name=\"twitter:label1\" content=\"Escrito por\" \/>\n\t<meta name=\"twitter:data1\" content=\"Paredes\" \/>\n\t<meta name=\"twitter:label2\" content=\"Tiempo de lectura\" \/>\n\t<meta name=\"twitter:data2\" content=\"2 minutos\" \/>\n<script type=\"application\/ld+json\" class=\"yoast-schema-graph\">{\"@context\":\"https:\\\/\\\/schema.org\",\"@graph\":[{\"@type\":\"Article\",\"@id\":\"https:\\\/\\\/www.paredes.es\\\/subeteporlasparedes\\\/eres-de-pies-frios-o-calientes\\\/#article\",\"isPartOf\":{\"@id\":\"https:\\\/\\\/www.paredes.es\\\/subeteporlasparedes\\\/eres-de-pies-frios-o-calientes\\\/\"},\"author\":{\"name\":\"Paredes\",\"@id\":\"https:\\\/\\\/www.paredes.es\\\/subeteporlasparedes\\\/#\\\/schema\\\/person\\\/9ced194fcb4ec60a2791bf729f69b60f\"},\"headline\":\"\u00bfEres de pies fr\u00edos o calientes? Cali\u00e9ntalos con nuestras REBAJAS\",\"datePublished\":\"2019-01-24T08:42:03+00:00\",\"dateModified\":\"2025-05-28T10:07:47+00:00\",\"mainEntityOfPage\":{\"@id\":\"https:\\\/\\\/www.paredes.es\\\/subeteporlasparedes\\\/eres-de-pies-frios-o-calientes\\\/\"},\"wordCount\":431,\"commentCount\":0,\"publisher\":{\"@id\":\"https:\\\/\\\/www.paredes.es\\\/subeteporlasparedes\\\/#organization\"},\"image\":{\"@id\":\"https:\\\/\\\/www.paredes.es\\\/subeteporlasparedes\\\/eres-de-pies-frios-o-calientes\\\/#primaryimage\"},\"thumbnailUrl\":\"https:\\\/\\\/www.paredes.es\\\/subeteporlasparedes\\\/wp-content\\\/uploads\\\/2019\\\/01\\\/pies-frios-pies-calientes-post-blog-paredes.jpg\",\"keywords\":[\"blog\",\"calcetines t\u00e9rmicos\",\"calzado piel\",\"pies calientes\",\"pies fr\u00edos\",\"plantillas antihongos\",\"plantillas antihumedad\",\"portada\",\"rebajas\"],\"articleSection\":[\"Blog\",\"Curiosidades\"],\"inLanguage\":\"es\",\"potentialAction\":[{\"@type\":\"CommentAction\",\"name\":\"Comment\",\"target\":[\"https:\\\/\\\/www.paredes.es\\\/subeteporlasparedes\\\/eres-de-pies-frios-o-calientes\\\/#respond\"]}]},{\"@type\":\"WebPage\",\"@id\":\"https:\\\/\\\/www.paredes.es\\\/subeteporlasparedes\\\/eres-de-pies-frios-o-calientes\\\/\",\"url\":\"https:\\\/\\\/www.paredes.es\\\/subeteporlasparedes\\\/eres-de-pies-frios-o-calientes\\\/\",\"name\":\"\u00bfEres de pies fr\u00edos o calientes? | Paredes Lifestyle | Blog\",\"isPartOf\":{\"@id\":\"https:\\\/\\\/www.paredes.es\\\/subeteporlasparedes\\\/#website\"},\"primaryImageOfPage\":{\"@id\":\"https:\\\/\\\/www.paredes.es\\\/subeteporlasparedes\\\/eres-de-pies-frios-o-calientes\\\/#primaryimage\"},\"image\":{\"@id\":\"https:\\\/\\\/www.paredes.es\\\/subeteporlasparedes\\\/eres-de-pies-frios-o-calientes\\\/#primaryimage\"},\"thumbnailUrl\":\"https:\\\/\\\/www.paredes.es\\\/subeteporlasparedes\\\/wp-content\\\/uploads\\\/2019\\\/01\\\/pies-frios-pies-calientes-post-blog-paredes.jpg\",\"datePublished\":\"2019-01-24T08:42:03+00:00\",\"dateModified\":\"2025-05-28T10:07:47+00:00\",\"description\":\"\u00bfC\u00f3mo podemos mantener nuestros pies calientes en invierno? Muy importante son el calzado, las plantillas y los calcetines, estas son nuestras propuestas:\",\"breadcrumb\":{\"@id\":\"https:\\\/\\\/www.paredes.es\\\/subeteporlasparedes\\\/eres-de-pies-frios-o-calientes\\\/#breadcrumb\"},\"inLanguage\":\"es\",\"potentialAction\":[{\"@type\":\"ReadAction\",\"target\":[\"https:\\\/\\\/www.paredes.es\\\/subeteporlasparedes\\\/eres-de-pies-frios-o-calientes\\\/\"]}]},{\"@type\":\"ImageObject\",\"inLanguage\":\"es\",\"@id\":\"https:\\\/\\\/www.paredes.es\\\/subeteporlasparedes\\\/eres-de-pies-frios-o-calientes\\\/#primaryimage\",\"url\":\"https:\\\/\\\/www.paredes.es\\\/subeteporlasparedes\\\/wp-content\\\/uploads\\\/2019\\\/01\\\/pies-frios-pies-calientes-post-blog-paredes.jpg\",\"contentUrl\":\"https:\\\/\\\/www.paredes.es\\\/subeteporlasparedes\\\/wp-content\\\/uploads\\\/2019\\\/01\\\/pies-frios-pies-calientes-post-blog-paredes.jpg\",\"width\":1423,\"height\":898,\"caption\":\"pies fr\u00edos en invierno post blog paredes\"},{\"@type\":\"BreadcrumbList\",\"@id\":\"https:\\\/\\\/www.paredes.es\\\/subeteporlasparedes\\\/eres-de-pies-frios-o-calientes\\\/#breadcrumb\",\"itemListElement\":[{\"@type\":\"ListItem\",\"position\":1,\"name\":\"Portada\",\"item\":\"https:\\\/\\\/www.paredes.es\\\/subeteporlasparedes\\\/\"},{\"@type\":\"ListItem\",\"position\":2,\"name\":\"\u00bfEres de pies fr\u00edos o calientes? Cali\u00e9ntalos con nuestras REBAJAS\"}]},{\"@type\":\"WebSite\",\"@id\":\"https:\\\/\\\/www.paredes.es\\\/subeteporlasparedes\\\/#website\",\"url\":\"https:\\\/\\\/www.paredes.es\\\/subeteporlasparedes\\\/\",\"name\":\"S\u00fabete por las paredes\",\"description\":\"\",\"publisher\":{\"@id\":\"https:\\\/\\\/www.paredes.es\\\/subeteporlasparedes\\\/#organization\"},\"potentialAction\":[{\"@type\":\"SearchAction\",\"target\":{\"@type\":\"EntryPoint\",\"urlTemplate\":\"https:\\\/\\\/www.paredes.es\\\/subeteporlasparedes\\\/?s={search_term_string}\"},\"query-input\":{\"@type\":\"PropertyValueSpecification\",\"valueRequired\":true,\"valueName\":\"search_term_string\"}}],\"inLanguage\":\"es\"},{\"@type\":\"Organization\",\"@id\":\"https:\\\/\\\/www.paredes.es\\\/subeteporlasparedes\\\/#organization\",\"name\":\"S\u00fabete por las paredes\",\"url\":\"https:\\\/\\\/www.paredes.es\\\/subeteporlasparedes\\\/\",\"logo\":{\"@type\":\"ImageObject\",\"inLanguage\":\"es\",\"@id\":\"https:\\\/\\\/www.paredes.es\\\/subeteporlasparedes\\\/#\\\/schema\\\/logo\\\/image\\\/\",\"url\":\"https:\\\/\\\/www.paredes.es\\\/subeteporlasparedes\\\/wp-content\\\/uploads\\\/2022\\\/11\\\/logo-white.png\",\"contentUrl\":\"https:\\\/\\\/www.paredes.es\\\/subeteporlasparedes\\\/wp-content\\\/uploads\\\/2022\\\/11\\\/logo-white.png\",\"width\":240,\"height\":47,\"caption\":\"S\u00fabete por las paredes\"},\"image\":{\"@id\":\"https:\\\/\\\/www.paredes.es\\\/subeteporlasparedes\\\/#\\\/schema\\\/logo\\\/image\\\/\"}},{\"@type\":\"Person\",\"@id\":\"https:\\\/\\\/www.paredes.es\\\/subeteporlasparedes\\\/#\\\/schema\\\/person\\\/9ced194fcb4ec60a2791bf729f69b60f\",\"name\":\"Paredes\",\"image\":{\"@type\":\"ImageObject\",\"inLanguage\":\"es\",\"@id\":\"https:\\\/\\\/secure.gravatar.com\\\/avatar\\\/b15c86dd1a91a9cca959665d42ed14660be030f65db42570f77e48bc5d3d15ec?s=96&d=mm&r=g\",\"url\":\"https:\\\/\\\/secure.gravatar.com\\\/avatar\\\/b15c86dd1a91a9cca959665d42ed14660be030f65db42570f77e48bc5d3d15ec?s=96&d=mm&r=g\",\"contentUrl\":\"https:\\\/\\\/secure.gravatar.com\\\/avatar\\\/b15c86dd1a91a9cca959665d42ed14660be030f65db42570f77e48bc5d3d15ec?s=96&d=mm&r=g\",\"caption\":\"Paredes\"},\"url\":\"https:\\\/\\\/www.paredes.es\\\/subeteporlasparedes\\\/author\\\/paredes-2\\\/\"}]}<\/script>\n<!-- \/ Yoast SEO plugin. -->","yoast_head_json":{"title":"\u00bfEres de pies fr\u00edos o calientes? | Paredes Lifestyle | Blog","description":"\u00bfC\u00f3mo podemos mantener nuestros pies calientes en invierno? Muy importante son el calzado, las plantillas y los calcetines, estas son nuestras propuestas:","robots":{"index":"index","follow":"follow","max-snippet":"max-snippet:-1","max-image-preview":"max-image-preview:large","max-video-preview":"max-video-preview:-1"},"canonical":"https:\/\/www.paredes.es\/subeteporlasparedes\/eres-de-pies-frios-o-calientes\/","og_locale":"es_ES","og_type":"article","og_title":"\u00bfEres de pies fr\u00edos o calientes? | Paredes Lifestyle | Blog","og_description":"\u00bfC\u00f3mo podemos mantener nuestros pies calientes en invierno? Muy importante son el calzado, las plantillas y los calcetines, estas son nuestras propuestas:","og_url":"https:\/\/www.paredes.es\/subeteporlasparedes\/eres-de-pies-frios-o-calientes\/","og_site_name":"S\u00fabete por las paredes","article_published_time":"2019-01-24T08:42:03+00:00","article_modified_time":"2025-05-28T10:07:47+00:00","og_image":[{"width":1423,"height":898,"url":"https:\/\/www.paredes.es\/subeteporlasparedes\/wp-content\/uploads\/2019\/01\/pies-frios-pies-calientes-post-blog-paredes.jpg","type":"image\/jpeg"}],"author":"Paredes","twitter_card":"summary_large_image","twitter_misc":{"Escrito por":"Paredes","Tiempo de lectura":"2 minutos"},"schema":{"@context":"https:\/\/schema.org","@graph":[{"@type":"Article","@id":"https:\/\/www.paredes.es\/subeteporlasparedes\/eres-de-pies-frios-o-calientes\/#article","isPartOf":{"@id":"https:\/\/www.paredes.es\/subeteporlasparedes\/eres-de-pies-frios-o-calientes\/"},"author":{"name":"Paredes","@id":"https:\/\/www.paredes.es\/subeteporlasparedes\/#\/schema\/person\/9ced194fcb4ec60a2791bf729f69b60f"},"headline":"\u00bfEres de pies fr\u00edos o calientes? Cali\u00e9ntalos con nuestras REBAJAS","datePublished":"2019-01-24T08:42:03+00:00","dateModified":"2025-05-28T10:07:47+00:00","mainEntityOfPage":{"@id":"https:\/\/www.paredes.es\/subeteporlasparedes\/eres-de-pies-frios-o-calientes\/"},"wordCount":431,"commentCount":0,"publisher":{"@id":"https:\/\/www.paredes.es\/subeteporlasparedes\/#organization"},"image":{"@id":"https:\/\/www.paredes.es\/subeteporlasparedes\/eres-de-pies-frios-o-calientes\/#primaryimage"},"thumbnailUrl":"https:\/\/www.paredes.es\/subeteporlasparedes\/wp-content\/uploads\/2019\/01\/pies-frios-pies-calientes-post-blog-paredes.jpg","keywords":["blog","calcetines t\u00e9rmicos","calzado piel","pies calientes","pies fr\u00edos","plantillas antihongos","plantillas antihumedad","portada","rebajas"],"articleSection":["Blog","Curiosidades"],"inLanguage":"es","potentialAction":[{"@type":"CommentAction","name":"Comment","target":["https:\/\/www.paredes.es\/subeteporlasparedes\/eres-de-pies-frios-o-calientes\/#respond"]}]},{"@type":"WebPage","@id":"https:\/\/www.paredes.es\/subeteporlasparedes\/eres-de-pies-frios-o-calientes\/","url":"https:\/\/www.paredes.es\/subeteporlasparedes\/eres-de-pies-frios-o-calientes\/","name":"\u00bfEres de pies fr\u00edos o calientes? | Paredes Lifestyle | Blog","isPartOf":{"@id":"https:\/\/www.paredes.es\/subeteporlasparedes\/#website"},"primaryImageOfPage":{"@id":"https:\/\/www.paredes.es\/subeteporlasparedes\/eres-de-pies-frios-o-calientes\/#primaryimage"},"image":{"@id":"https:\/\/www.paredes.es\/subeteporlasparedes\/eres-de-pies-frios-o-calientes\/#primaryimage"},"thumbnailUrl":"https:\/\/www.paredes.es\/subeteporlasparedes\/wp-content\/uploads\/2019\/01\/pies-frios-pies-calientes-post-blog-paredes.jpg","datePublished":"2019-01-24T08:42:03+00:00","dateModified":"2025-05-28T10:07:47+00:00","description":"\u00bfC\u00f3mo podemos mantener nuestros pies calientes en invierno? Muy importante son el calzado, las plantillas y los calcetines, estas son nuestras propuestas:","breadcrumb":{"@id":"https:\/\/www.paredes.es\/subeteporlasparedes\/eres-de-pies-frios-o-calientes\/#breadcrumb"},"inLanguage":"es","potentialAction":[{"@type":"ReadAction","target":["https:\/\/www.paredes.es\/subeteporlasparedes\/eres-de-pies-frios-o-calientes\/"]}]},{"@type":"ImageObject","inLanguage":"es","@id":"https:\/\/www.paredes.es\/subeteporlasparedes\/eres-de-pies-frios-o-calientes\/#primaryimage","url":"https:\/\/www.paredes.es\/subeteporlasparedes\/wp-content\/uploads\/2019\/01\/pies-frios-pies-calientes-post-blog-paredes.jpg","contentUrl":"https:\/\/www.paredes.es\/subeteporlasparedes\/wp-content\/uploads\/2019\/01\/pies-frios-pies-calientes-post-blog-paredes.jpg","width":1423,"height":898,"caption":"pies fr\u00edos en invierno post blog paredes"},{"@type":"BreadcrumbList","@id":"https:\/\/www.paredes.es\/subeteporlasparedes\/eres-de-pies-frios-o-calientes\/#breadcrumb","itemListElement":[{"@type":"ListItem","position":1,"name":"Portada","item":"https:\/\/www.paredes.es\/subeteporlasparedes\/"},{"@type":"ListItem","position":2,"name":"\u00bfEres de pies fr\u00edos o calientes? Cali\u00e9ntalos con nuestras REBAJAS"}]},{"@type":"WebSite","@id":"https:\/\/www.paredes.es\/subeteporlasparedes\/#website","url":"https:\/\/www.paredes.es\/subeteporlasparedes\/","name":"S\u00fabete por las paredes","description":"","publisher":{"@id":"https:\/\/www.paredes.es\/subeteporlasparedes\/#organization"},"potentialAction":[{"@type":"SearchAction","target":{"@type":"EntryPoint","urlTemplate":"https:\/\/www.paredes.es\/subeteporlasparedes\/?s={search_term_string}"},"query-input":{"@type":"PropertyValueSpecification","valueRequired":true,"valueName":"search_term_string"}}],"inLanguage":"es"},{"@type":"Organization","@id":"https:\/\/www.paredes.es\/subeteporlasparedes\/#organization","name":"S\u00fabete por las paredes","url":"https:\/\/www.paredes.es\/subeteporlasparedes\/","logo":{"@type":"ImageObject","inLanguage":"es","@id":"https:\/\/www.paredes.es\/subeteporlasparedes\/#\/schema\/logo\/image\/","url":"https:\/\/www.paredes.es\/subeteporlasparedes\/wp-content\/uploads\/2022\/11\/logo-white.png","contentUrl":"https:\/\/www.paredes.es\/subeteporlasparedes\/wp-content\/uploads\/2022\/11\/logo-white.png","width":240,"height":47,"caption":"S\u00fabete por las paredes"},"image":{"@id":"https:\/\/www.paredes.es\/subeteporlasparedes\/#\/schema\/logo\/image\/"}},{"@type":"Person","@id":"https:\/\/www.paredes.es\/subeteporlasparedes\/#\/schema\/person\/9ced194fcb4ec60a2791bf729f69b60f","name":"Paredes","image":{"@type":"ImageObject","inLanguage":"es","@id":"https:\/\/secure.gravatar.com\/avatar\/b15c86dd1a91a9cca959665d42ed14660be030f65db42570f77e48bc5d3d15ec?s=96&d=mm&r=g","url":"https:\/\/secure.gravatar.com\/avatar\/b15c86dd1a91a9cca959665d42ed14660be030f65db42570f77e48bc5d3d15ec?s=96&d=mm&r=g","contentUrl":"https:\/\/secure.gravatar.com\/avatar\/b15c86dd1a91a9cca959665d42ed14660be030f65db42570f77e48bc5d3d15ec?s=96&d=mm&r=g","caption":"Paredes"},"url":"https:\/\/www.paredes.es\/subeteporlasparedes\/author\/paredes-2\/"}]}},"jetpack_featured_media_url":"https:\/\/www.paredes.es\/subeteporlasparedes\/wp-content\/uploads\/2019\/01\/pies-frios-pies-calientes-post-blog-paredes.jpg","_links":{"self":[{"href":"https:\/\/www.paredes.es\/subeteporlasparedes\/wp-json\/wp\/v2\/posts\/4070","targetHints":{"allow":["GET"]}}],"collection":[{"href":"https:\/\/www.paredes.es\/subeteporlasparedes\/wp-json\/wp\/v2\/posts"}],"about":[{"href":"https:\/\/www.paredes.es\/subeteporlasparedes\/wp-json\/wp\/v2\/types\/post"}],"author":[{"embeddable":true,"href":"https:\/\/www.paredes.es\/subeteporlasparedes\/wp-json\/wp\/v2\/users\/1"}],"replies":[{"embeddable":true,"href":"https:\/\/www.paredes.es\/subeteporlasparedes\/wp-json\/wp\/v2\/comments?post=4070"}],"version-history":[{"count":19,"href":"https:\/\/www.paredes.es\/subeteporlasparedes\/wp-json\/wp\/v2\/posts\/4070\/revisions"}],"predecessor-version":[{"id":15474,"href":"https:\/\/www.paredes.es\/subeteporlasparedes\/wp-json\/wp\/v2\/posts\/4070\/revisions\/15474"}],"wp:featuredmedia":[{"embeddable":true,"href":"https:\/\/www.paredes.es\/subeteporlasparedes\/wp-json\/wp\/v2\/media\/4088"}],"wp:attachment":[{"href":"https:\/\/www.paredes.es\/subeteporlasparedes\/wp-json\/wp\/v2\/media?parent=4070"}],"wp:term":[{"taxonomy":"category","embeddable":true,"href":"https:\/\/www.paredes.es\/subeteporlasparedes\/wp-json\/wp\/v2\/categories?post=4070"},{"taxonomy":"post_tag","embeddable":true,"href":"https:\/\/www.paredes.es\/subeteporlasparedes\/wp-json\/wp\/v2\/tags?post=4070"}],"curies":[{"name":"wp","href":"https:\/\/api.w.org\/{rel}","templated":true}]}}