{"id":4129,"date":"2019-02-12T14:56:29","date_gmt":"2019-02-12T14:56:29","guid":{"rendered":"https:\/\/www.paredes.es\/subeteporlasparedes\/?p=4129"},"modified":"2025-05-28T12:11:11","modified_gmt":"2025-05-28T10:11:11","slug":"emociona-regalando-zapatillas-para-san-valentin","status":"publish","type":"post","link":"https:\/\/www.paredes.es\/subeteporlasparedes\/emociona-regalando-zapatillas-para-san-valentin\/","title":{"rendered":"Emociona regalando zapatillas para San Valent\u00edn"},"content":{"rendered":"<p>Estamos en la semana del <strong>AMOR<\/strong>. No queremos que sea un concepto materialista, por eso, si te decantas por regalar nuestras zapatillas, busca emocionar, no te quedes en la parte material.<\/p>\n<p>Vamos a darte <strong>IDEAS<\/strong> para acompa\u00f1ar el regalo de unas <strong>buenas zapatillas<\/strong>.<!--more--><\/p>\n<p>Adem\u00e1s, esta misma semana tenemos en la<strong> <a href=\"https:\/\/www.paredes.es\/\" target=\"_blank\" rel=\"noopener noreferrer\">TIENDA ONLINE<\/a><\/strong> las <strong>SEGUNDAS REBAJAS<\/strong>, para que no tengas excusa!<\/p>\n<blockquote><p><strong>25% | 30% Y 50% DE DESCUENTO!<\/strong><\/p><\/blockquote>\n<h3>IDEAS PARA REGALAR EN SAN VALENT\u00cdN<\/h3>\n<ol>\n<li><strong>REGALA UNAS ZAPATILLAS TREKKING + UNA RUTA<\/strong><\/li>\n<li><strong>REGALA UNAS ZAPATILLAS CASUAL + UNA ESCAPADA<\/strong><\/li>\n<li><strong>REGALA UNAS ZAPATILLAS EDICI\u00d3N LIMITADA PERSONALIZADAS +\u00a0 UN CONCIERTO<\/strong><\/li>\n<\/ol>\n<h2><strong>1. REGALA UNAS ZAPATILLAS TREKKING + UNA RUTA<\/strong><\/h2>\n<p>Si te decantas por regalar unas zapatillas Trekking\u00a0para tu chico, s\u00e9 original y acompa\u00f1a las zapatillas con una <strong>escapada por la monta\u00f1a<\/strong> este fin de semana. No hay nada como acompa\u00f1ar las zapatillas con una gran experiencia y aventura.<\/p>\n<p>Busca rutas cercanas a las que nunca hayas visitado o bien saca el mapa y pon rumbo a un lugar totalmente diferente para disfrutar en pareja.<\/p>\n<p>Recurrir al senderismo y a la monta\u00f1a es un plan que no tiene por qu\u00e9 fallar, a qui\u00e9n no le gusta la naturaleza y disfrutar del aire libre? Adelante con ello!<\/p>\n<div id='gallery-1' class='gallery galleryid-4129 gallery-columns-3 gallery-size-medium'><figure class='gallery-item'>\n\t\t\t<div class='gallery-icon landscape'>\n\t\t\t\t<a href='https:\/\/www.paredes.es\/subeteporlasparedes\/emociona-regalando-zapatillas-para-san-valentin\/zapatillas-paredes-trekking-2\/'><img decoding=\"async\" width=\"150\" height=\"150\" src=\"https:\/\/www.paredes.es\/subeteporlasparedes\/wp-content\/uploads\/2019\/02\/Zapatillas-Paredes-Trekking-2-150x150.jpg\" class=\"attachment-medium size-medium\" alt=\"Zapatillas San Valent\u00edn Paredes\" aria-describedby=\"gallery-1-4155\" srcset=\"https:\/\/www.paredes.es\/subeteporlasparedes\/wp-content\/uploads\/2019\/02\/Zapatillas-Paredes-Trekking-2-150x150.jpg 150w, https:\/\/www.paredes.es\/subeteporlasparedes\/wp-content\/uploads\/2019\/02\/Zapatillas-Paredes-Trekking-2-768x768.jpg 768w, https:\/\/www.paredes.es\/subeteporlasparedes\/wp-content\/uploads\/2019\/02\/Zapatillas-Paredes-Trekking-2-500x500.jpg 500w, https:\/\/www.paredes.es\/subeteporlasparedes\/wp-content\/uploads\/2019\/02\/Zapatillas-Paredes-Trekking-2.jpg 997w\" sizes=\"(max-width: 150px) 100vw, 150px\" \/><\/a>\n\t\t\t<\/div>\n\t\t\t\t<figcaption class='wp-caption-text gallery-caption' id='gallery-1-4155'>\n\t\t\t\tSEGUNDAS REBAJAS PAREDES\n\t\t\t\t<\/figcaption><\/figure><figure class='gallery-item'>\n\t\t\t<div class='gallery-icon landscape'>\n\t\t\t\t<a href='https:\/\/www.paredes.es\/subeteporlasparedes\/emociona-regalando-zapatillas-para-san-valentin\/zapatillas-trekking-paredes-3-2\/'><img decoding=\"async\" width=\"150\" height=\"150\" src=\"https:\/\/www.paredes.es\/subeteporlasparedes\/wp-content\/uploads\/2019\/02\/Zapatillas-Trekking-Paredes-3-150x150.jpg\" class=\"attachment-medium size-medium\" alt=\"Zapatillas San Valent\u00edn Paredes\" aria-describedby=\"gallery-1-4153\" srcset=\"https:\/\/www.paredes.es\/subeteporlasparedes\/wp-content\/uploads\/2019\/02\/Zapatillas-Trekking-Paredes-3-150x150.jpg 150w, https:\/\/www.paredes.es\/subeteporlasparedes\/wp-content\/uploads\/2019\/02\/Zapatillas-Trekking-Paredes-3-768x768.jpg 768w, https:\/\/www.paredes.es\/subeteporlasparedes\/wp-content\/uploads\/2019\/02\/Zapatillas-Trekking-Paredes-3-500x500.jpg 500w, https:\/\/www.paredes.es\/subeteporlasparedes\/wp-content\/uploads\/2019\/02\/Zapatillas-Trekking-Paredes-3.jpg 1080w\" sizes=\"(max-width: 150px) 100vw, 150px\" \/><\/a>\n\t\t\t<\/div>\n\t\t\t\t<figcaption class='wp-caption-text gallery-caption' id='gallery-1-4153'>\n\t\t\t\tSEGUNDAS REBAJAS PAREDES\n\t\t\t\t<\/figcaption><\/figure><figure class='gallery-item'>\n\t\t\t<div class='gallery-icon landscape'>\n\t\t\t\t<a href='https:\/\/www.paredes.es\/subeteporlasparedes\/emociona-regalando-zapatillas-para-san-valentin\/zapatillas-trekking-paredes-1-3\/'><img decoding=\"async\" width=\"150\" height=\"150\" src=\"https:\/\/www.paredes.es\/subeteporlasparedes\/wp-content\/uploads\/2019\/02\/zapatillas-trekking-paredes-1-150x150.jpg\" class=\"attachment-medium size-medium\" alt=\"Zapatillas San Valent\u00edn Paredes\" aria-describedby=\"gallery-1-4154\" srcset=\"https:\/\/www.paredes.es\/subeteporlasparedes\/wp-content\/uploads\/2019\/02\/zapatillas-trekking-paredes-1-150x150.jpg 150w, https:\/\/www.paredes.es\/subeteporlasparedes\/wp-content\/uploads\/2019\/02\/zapatillas-trekking-paredes-1-768x768.jpg 768w, https:\/\/www.paredes.es\/subeteporlasparedes\/wp-content\/uploads\/2019\/02\/zapatillas-trekking-paredes-1-500x500.jpg 500w, https:\/\/www.paredes.es\/subeteporlasparedes\/wp-content\/uploads\/2019\/02\/zapatillas-trekking-paredes-1.jpg 997w\" sizes=\"(max-width: 150px) 100vw, 150px\" \/><\/a>\n\t\t\t<\/div>\n\t\t\t\t<figcaption class='wp-caption-text gallery-caption' id='gallery-1-4154'>\n\t\t\t\tSEGUNDAS REBAJAS PAREDES\n\t\t\t\t<\/figcaption><\/figure>\n\t\t<\/div>\n\n<p><a href=\"https:\/\/www.paredes.es\/es\/catalogo\/producto\/656\/lt18097\/aracar-gris\/\" target=\"_blank\" rel=\"noopener noreferrer\"><img loading=\"lazy\" decoding=\"async\" class=\"aligncenter size-full wp-image-3943\" src=\"https:\/\/www.paredes.es\/subeteporlasparedes\/wp-content\/uploads\/2018\/11\/zapatillas-trekking-paredes-2.jpeg\" alt=\"Zapatillas Trekking Paredes\" width=\"1600\" height=\"1066\" srcset=\"https:\/\/www.paredes.es\/subeteporlasparedes\/wp-content\/uploads\/2018\/11\/zapatillas-trekking-paredes-2.jpeg 1600w, https:\/\/www.paredes.es\/subeteporlasparedes\/wp-content\/uploads\/2018\/11\/zapatillas-trekking-paredes-2-225x150.jpeg 225w, https:\/\/www.paredes.es\/subeteporlasparedes\/wp-content\/uploads\/2018\/11\/zapatillas-trekking-paredes-2-768x512.jpeg 768w, https:\/\/www.paredes.es\/subeteporlasparedes\/wp-content\/uploads\/2018\/11\/zapatillas-trekking-paredes-2-750x500.jpeg 750w, https:\/\/www.paredes.es\/subeteporlasparedes\/wp-content\/uploads\/2018\/11\/zapatillas-trekking-paredes-2-1200x800.jpeg 1200w\" sizes=\"(max-width: 1600px) 100vw, 1600px\" \/><\/a><\/p>\n<h2>2. REGALA UNAS ZAPATILLAS CASUAL + UNA ESCAPADA<\/h2>\n<p>Si eliges regalar unas<strong> zapatillas de nuestra l\u00ednea casual<\/strong>, podr\u00e1s acompa\u00f1arlas con una <strong>escapada la mar de rom\u00e1ntica<\/strong> que incluya una cena rom\u00e1ntica o simplemente pasar el d\u00eda en una bella ciudad desconocida. Disfrutar\u00e9is ambos!<\/p>\n<div id='gallery-2' class='gallery galleryid-4129 gallery-columns-3 gallery-size-medium'><figure class='gallery-item'>\n\t\t\t<div class='gallery-icon landscape'>\n\t\t\t\t<a href='https:\/\/www.paredes.es\/subeteporlasparedes\/emociona-regalando-zapatillas-para-san-valentin\/segundas-rebajas-zapatillas-paredes-1\/'><img loading=\"lazy\" decoding=\"async\" width=\"150\" height=\"150\" src=\"https:\/\/www.paredes.es\/subeteporlasparedes\/wp-content\/uploads\/2019\/02\/segundas-rebajas-zapatillas-paredes-1-150x150.jpg\" class=\"attachment-medium size-medium\" alt=\"Zapatillas San Valent\u00edn Paredes\" aria-describedby=\"gallery-2-4138\" srcset=\"https:\/\/www.paredes.es\/subeteporlasparedes\/wp-content\/uploads\/2019\/02\/segundas-rebajas-zapatillas-paredes-1-150x150.jpg 150w, https:\/\/www.paredes.es\/subeteporlasparedes\/wp-content\/uploads\/2019\/02\/segundas-rebajas-zapatillas-paredes-1-768x768.jpg 768w, https:\/\/www.paredes.es\/subeteporlasparedes\/wp-content\/uploads\/2019\/02\/segundas-rebajas-zapatillas-paredes-1-500x500.jpg 500w, https:\/\/www.paredes.es\/subeteporlasparedes\/wp-content\/uploads\/2019\/02\/segundas-rebajas-zapatillas-paredes-1.jpg 1080w\" sizes=\"(max-width: 150px) 100vw, 150px\" \/><\/a>\n\t\t\t<\/div>\n\t\t\t\t<figcaption class='wp-caption-text gallery-caption' id='gallery-2-4138'>\n\t\t\t\tSEGUNDAS REBAJAS PAREDES\n\t\t\t\t<\/figcaption><\/figure><figure class='gallery-item'>\n\t\t\t<div class='gallery-icon landscape'>\n\t\t\t\t<a href='https:\/\/www.paredes.es\/subeteporlasparedes\/emociona-regalando-zapatillas-para-san-valentin\/segundas-rebajas-zapatillas-paredes-competicion-charol\/'><img loading=\"lazy\" decoding=\"async\" width=\"150\" height=\"150\" src=\"https:\/\/www.paredes.es\/subeteporlasparedes\/wp-content\/uploads\/2019\/02\/segundas-rebajas-zapatillas-paredes-competicion-charol-150x150.jpg\" class=\"attachment-medium size-medium\" alt=\"Zapatillas San Valent\u00edn Paredes\" aria-describedby=\"gallery-2-4140\" srcset=\"https:\/\/www.paredes.es\/subeteporlasparedes\/wp-content\/uploads\/2019\/02\/segundas-rebajas-zapatillas-paredes-competicion-charol-150x150.jpg 150w, https:\/\/www.paredes.es\/subeteporlasparedes\/wp-content\/uploads\/2019\/02\/segundas-rebajas-zapatillas-paredes-competicion-charol-768x768.jpg 768w, https:\/\/www.paredes.es\/subeteporlasparedes\/wp-content\/uploads\/2019\/02\/segundas-rebajas-zapatillas-paredes-competicion-charol-500x500.jpg 500w, https:\/\/www.paredes.es\/subeteporlasparedes\/wp-content\/uploads\/2019\/02\/segundas-rebajas-zapatillas-paredes-competicion-charol.jpg 887w\" sizes=\"(max-width: 150px) 100vw, 150px\" \/><\/a>\n\t\t\t<\/div>\n\t\t\t\t<figcaption class='wp-caption-text gallery-caption' id='gallery-2-4140'>\n\t\t\t\tSEGUNDAS REBAJAS PAREDES\n\t\t\t\t<\/figcaption><\/figure><figure class='gallery-item'>\n\t\t\t<div class='gallery-icon landscape'>\n\t\t\t\t<a href='https:\/\/www.paredes.es\/subeteporlasparedes\/emociona-regalando-zapatillas-para-san-valentin\/segundas-rebajas-zapatillas-paredes\/'><img loading=\"lazy\" decoding=\"async\" width=\"150\" height=\"150\" src=\"https:\/\/www.paredes.es\/subeteporlasparedes\/wp-content\/uploads\/2019\/02\/segundas-rebajas-zapatillas-paredes-150x150.jpg\" class=\"attachment-medium size-medium\" alt=\"Zapatillas San Valent\u00edn Paredes\" aria-describedby=\"gallery-2-4142\" srcset=\"https:\/\/www.paredes.es\/subeteporlasparedes\/wp-content\/uploads\/2019\/02\/segundas-rebajas-zapatillas-paredes-150x150.jpg 150w, https:\/\/www.paredes.es\/subeteporlasparedes\/wp-content\/uploads\/2019\/02\/segundas-rebajas-zapatillas-paredes-768x768.jpg 768w, https:\/\/www.paredes.es\/subeteporlasparedes\/wp-content\/uploads\/2019\/02\/segundas-rebajas-zapatillas-paredes-500x500.jpg 500w, https:\/\/www.paredes.es\/subeteporlasparedes\/wp-content\/uploads\/2019\/02\/segundas-rebajas-zapatillas-paredes.jpg 1080w\" sizes=\"(max-width: 150px) 100vw, 150px\" \/><\/a>\n\t\t\t<\/div>\n\t\t\t\t<figcaption class='wp-caption-text gallery-caption' id='gallery-2-4142'>\n\t\t\t\tSEGUNDAS REBAJAS PAREDES\n\t\t\t\t<\/figcaption><\/figure>\n\t\t<\/div>\n\n<p>Existen <strong>vales de regalo<\/strong> donde se incluyen cenas, masajes o una peque\u00f1a visita guiada a museos, lugares hist\u00f3ricos, etc. Busca patear una ciudad desconocida cargada de historia y acompa\u00f1a la escapada de la mejor gastronom\u00eda, para que el pateo se os haga m\u00e1s llevadero.<\/p>\n<h2><strong>3. REGALA UNAS ZAPATILLAS EDICI\u00d3N LIMITADA PERSONALIZADAS + UN CONCIERTO<\/strong><\/h2>\n<p>Si lo vuestro es la m\u00fasica, la cultura y el estilo m\u00e1s lifestyle dec\u00e1ntate por nuestras zapatillas Retro o Edici\u00f3n Limitada. Adem\u00e1s, las <a href=\"https:\/\/www.paredes.es\/es\/buscador\/categoria:limited-reedition\/\" target=\"_blank\" rel=\"noopener noreferrer\"><strong>Competici\u00f3n<\/strong><\/a> podr\u00e1s personalizarlas!<\/p>\n<p>Busca <strong>jarana y jaleo en tu ciudad favorita<\/strong> y pres\u00e9ntale el plan a tu pareja. Puedes hacer una invitaci\u00f3n y guard\u00e1rsela en la caja de las zapatillas, as\u00ed, cuando vaya a abrirlas, ver\u00e1 que van con una sorpresa adicional dentro!<\/p>\n<p><img loading=\"lazy\" decoding=\"async\" class=\"aligncenter wp-image-4134\" src=\"https:\/\/www.paredes.es\/subeteporlasparedes\/wp-content\/uploads\/2019\/02\/Promo-celebra-el-amor-con-paredes-735x500.gif\" alt=\"San Valent\u00edn Paredes Seguridad\" width=\"1000\" height=\"680\" srcset=\"https:\/\/www.paredes.es\/subeteporlasparedes\/wp-content\/uploads\/2019\/02\/Promo-celebra-el-amor-con-paredes-735x500.gif 735w, https:\/\/www.paredes.es\/subeteporlasparedes\/wp-content\/uploads\/2019\/02\/Promo-celebra-el-amor-con-paredes-221x150.gif 221w, https:\/\/www.paredes.es\/subeteporlasparedes\/wp-content\/uploads\/2019\/02\/Promo-celebra-el-amor-con-paredes-768x522.gif 768w, https:\/\/www.paredes.es\/subeteporlasparedes\/wp-content\/uploads\/2019\/02\/Promo-celebra-el-amor-con-paredes-1200x816.gif 1200w\" sizes=\"(max-width: 1000px) 100vw, 1000px\" \/><\/p>\n<p>Estas son las <strong>zapatillas<\/strong> que disponen de personalizaci\u00f3n:<\/p>\n<ul>\n<li><strong>Competicion Rosa-blanco<\/strong><\/li>\n<li><strong>Competicion Plata-blanco<\/strong><\/li>\n<li><strong>Competicion Oro-blanco<\/strong><\/li>\n<li><strong>Competici\u00f3n Blanco-plata<\/strong><\/li>\n<li><strong>Competici\u00f3n Blanco-oro<\/strong><\/li>\n<li><strong>Competicion Negro<\/strong><\/li>\n<li><strong>Competicion Blanco-verde<\/strong><\/li>\n<li><strong>Competicion Blanco-azul<\/strong><\/li>\n<li><strong>Competicion Negro, Suela Negra<\/strong><\/li>\n<\/ul>\n<p>Recuerda que ya tenemos las <strong>SEGUNDAS REBAJAS<\/strong> en marcha, por lo que un regalo c\u00f3mo este para sorprender, sabes que triunfar\u00e1 como la Coca Cola!<\/p>\n<blockquote><p><strong>25% | 30% Y 50% DE DESCUENTO!<\/strong><\/p><\/blockquote>\n<h3><\/h3>\n","protected":false},"excerpt":{"rendered":"<p>Estamos en la semana del AMOR. No queremos que sea un concepto materialista, por eso, si te decantas por regalar nuestras zapatillas, busca emocionar, no te quedes en la parte material. Vamos a darte IDEAS para acompa\u00f1ar el regalo de unas buenas zapatillas.<\/p>\n","protected":false},"author":1,"featured_media":4146,"comment_status":"open","ping_status":"open","sticky":false,"template":"","format":"standard","meta":{"sfsi_plus_gutenberg_text_before_share":"","sfsi_plus_gutenberg_show_text_before_share":"","sfsi_plus_gutenberg_icon_type":"","sfsi_plus_gutenberg_icon_alignemt":"","sfsi_plus_gutenburg_max_per_row":"","footnotes":""},"categories":[547,571,575,558],"tags":[226,422,251,302,311],"class_list":["post-4129","post","type-post","status-publish","format-standard","has-post-thumbnail","hentry","category-blog","category-coleccion-calzado-invierno","category-eventos","category-novedades","tag-portada","tag-regalos","tag-san-valentin","tag-zapatillas","tag-zapatillas-paredes"],"yoast_head":"<!-- This site is optimized with the Yoast SEO plugin v27.7 - https:\/\/yoast.com\/product\/yoast-seo-wordpress\/ -->\n<title>Emociona regalando zapatillas para San Valent\u00edn | Blog | Paredes<\/title>\n<meta name=\"description\" content=\"Si vas a regalar unas zapatillas Paredes, no te quedes en lo material y ve m\u00e1s all\u00e1. Te traemos ideas super chulas para acompa\u00f1ar tu regalo de zapatillas!\" \/>\n<meta name=\"robots\" content=\"index, follow, max-snippet:-1, max-image-preview:large, max-video-preview:-1\" \/>\n<link rel=\"canonical\" href=\"https:\/\/www.paredes.es\/subeteporlasparedes\/emociona-regalando-zapatillas-para-san-valentin\/\" \/>\n<meta property=\"og:locale\" content=\"es_ES\" \/>\n<meta property=\"og:type\" content=\"article\" \/>\n<meta property=\"og:title\" content=\"Emociona regalando zapatillas para San Valent\u00edn | Blog | Paredes\" \/>\n<meta property=\"og:description\" content=\"Si vas a regalar unas zapatillas Paredes, no te quedes en lo material y ve m\u00e1s all\u00e1. Te traemos ideas super chulas para acompa\u00f1ar tu regalo de zapatillas!\" \/>\n<meta property=\"og:url\" content=\"https:\/\/www.paredes.es\/subeteporlasparedes\/emociona-regalando-zapatillas-para-san-valentin\/\" \/>\n<meta property=\"og:site_name\" content=\"S\u00fabete por las paredes\" \/>\n<meta property=\"article:published_time\" content=\"2019-02-12T14:56:29+00:00\" \/>\n<meta property=\"article:modified_time\" content=\"2025-05-28T10:11:11+00:00\" \/>\n<meta property=\"og:image\" content=\"https:\/\/www.paredes.es\/subeteporlasparedes\/wp-content\/uploads\/2019\/02\/portada-san-valentin-paredes-segundas-rebajas.gif\" \/>\n\t<meta property=\"og:image:width\" content=\"1423\" \/>\n\t<meta property=\"og:image:height\" content=\"898\" \/>\n\t<meta property=\"og:image:type\" content=\"image\/gif\" \/>\n<meta name=\"author\" content=\"Paredes\" \/>\n<meta name=\"twitter:card\" content=\"summary_large_image\" \/>\n<meta name=\"twitter:label1\" content=\"Escrito por\" \/>\n\t<meta name=\"twitter:data1\" content=\"Paredes\" \/>\n\t<meta name=\"twitter:label2\" content=\"Tiempo de lectura\" \/>\n\t<meta name=\"twitter:data2\" content=\"2 minutos\" \/>\n<script type=\"application\/ld+json\" class=\"yoast-schema-graph\">{\"@context\":\"https:\\\/\\\/schema.org\",\"@graph\":[{\"@type\":\"Article\",\"@id\":\"https:\\\/\\\/www.paredes.es\\\/subeteporlasparedes\\\/emociona-regalando-zapatillas-para-san-valentin\\\/#article\",\"isPartOf\":{\"@id\":\"https:\\\/\\\/www.paredes.es\\\/subeteporlasparedes\\\/emociona-regalando-zapatillas-para-san-valentin\\\/\"},\"author\":{\"name\":\"Paredes\",\"@id\":\"https:\\\/\\\/www.paredes.es\\\/subeteporlasparedes\\\/#\\\/schema\\\/person\\\/9ced194fcb4ec60a2791bf729f69b60f\"},\"headline\":\"Emociona regalando zapatillas para San Valent\u00edn\",\"datePublished\":\"2019-02-12T14:56:29+00:00\",\"dateModified\":\"2025-05-28T10:11:11+00:00\",\"mainEntityOfPage\":{\"@id\":\"https:\\\/\\\/www.paredes.es\\\/subeteporlasparedes\\\/emociona-regalando-zapatillas-para-san-valentin\\\/\"},\"wordCount\":462,\"commentCount\":0,\"publisher\":{\"@id\":\"https:\\\/\\\/www.paredes.es\\\/subeteporlasparedes\\\/#organization\"},\"image\":{\"@id\":\"https:\\\/\\\/www.paredes.es\\\/subeteporlasparedes\\\/emociona-regalando-zapatillas-para-san-valentin\\\/#primaryimage\"},\"thumbnailUrl\":\"https:\\\/\\\/www.paredes.es\\\/subeteporlasparedes\\\/wp-content\\\/uploads\\\/2019\\\/02\\\/portada-san-valentin-paredes-segundas-rebajas.gif\",\"keywords\":[\"portada\",\"Regalos\",\"san valent\u00edn\",\"zapatillas\",\"zapatillas paredes\"],\"articleSection\":[\"Blog\",\"Colecci\u00f3n Calzado Invierno\",\"Eventos\",\"Novedades P\"],\"inLanguage\":\"es\",\"potentialAction\":[{\"@type\":\"CommentAction\",\"name\":\"Comment\",\"target\":[\"https:\\\/\\\/www.paredes.es\\\/subeteporlasparedes\\\/emociona-regalando-zapatillas-para-san-valentin\\\/#respond\"]}]},{\"@type\":\"WebPage\",\"@id\":\"https:\\\/\\\/www.paredes.es\\\/subeteporlasparedes\\\/emociona-regalando-zapatillas-para-san-valentin\\\/\",\"url\":\"https:\\\/\\\/www.paredes.es\\\/subeteporlasparedes\\\/emociona-regalando-zapatillas-para-san-valentin\\\/\",\"name\":\"Emociona regalando zapatillas para San Valent\u00edn | Blog | Paredes\",\"isPartOf\":{\"@id\":\"https:\\\/\\\/www.paredes.es\\\/subeteporlasparedes\\\/#website\"},\"primaryImageOfPage\":{\"@id\":\"https:\\\/\\\/www.paredes.es\\\/subeteporlasparedes\\\/emociona-regalando-zapatillas-para-san-valentin\\\/#primaryimage\"},\"image\":{\"@id\":\"https:\\\/\\\/www.paredes.es\\\/subeteporlasparedes\\\/emociona-regalando-zapatillas-para-san-valentin\\\/#primaryimage\"},\"thumbnailUrl\":\"https:\\\/\\\/www.paredes.es\\\/subeteporlasparedes\\\/wp-content\\\/uploads\\\/2019\\\/02\\\/portada-san-valentin-paredes-segundas-rebajas.gif\",\"datePublished\":\"2019-02-12T14:56:29+00:00\",\"dateModified\":\"2025-05-28T10:11:11+00:00\",\"description\":\"Si vas a regalar unas zapatillas Paredes, no te quedes en lo material y ve m\u00e1s all\u00e1. Te traemos ideas super chulas para acompa\u00f1ar tu regalo de zapatillas!\",\"breadcrumb\":{\"@id\":\"https:\\\/\\\/www.paredes.es\\\/subeteporlasparedes\\\/emociona-regalando-zapatillas-para-san-valentin\\\/#breadcrumb\"},\"inLanguage\":\"es\",\"potentialAction\":[{\"@type\":\"ReadAction\",\"target\":[\"https:\\\/\\\/www.paredes.es\\\/subeteporlasparedes\\\/emociona-regalando-zapatillas-para-san-valentin\\\/\"]}]},{\"@type\":\"ImageObject\",\"inLanguage\":\"es\",\"@id\":\"https:\\\/\\\/www.paredes.es\\\/subeteporlasparedes\\\/emociona-regalando-zapatillas-para-san-valentin\\\/#primaryimage\",\"url\":\"https:\\\/\\\/www.paredes.es\\\/subeteporlasparedes\\\/wp-content\\\/uploads\\\/2019\\\/02\\\/portada-san-valentin-paredes-segundas-rebajas.gif\",\"contentUrl\":\"https:\\\/\\\/www.paredes.es\\\/subeteporlasparedes\\\/wp-content\\\/uploads\\\/2019\\\/02\\\/portada-san-valentin-paredes-segundas-rebajas.gif\",\"width\":1423,\"height\":898,\"caption\":\"Zapatillas San Valent\u00edn Paredes\"},{\"@type\":\"BreadcrumbList\",\"@id\":\"https:\\\/\\\/www.paredes.es\\\/subeteporlasparedes\\\/emociona-regalando-zapatillas-para-san-valentin\\\/#breadcrumb\",\"itemListElement\":[{\"@type\":\"ListItem\",\"position\":1,\"name\":\"Portada\",\"item\":\"https:\\\/\\\/www.paredes.es\\\/subeteporlasparedes\\\/\"},{\"@type\":\"ListItem\",\"position\":2,\"name\":\"Emociona regalando zapatillas para San Valent\u00edn\"}]},{\"@type\":\"WebSite\",\"@id\":\"https:\\\/\\\/www.paredes.es\\\/subeteporlasparedes\\\/#website\",\"url\":\"https:\\\/\\\/www.paredes.es\\\/subeteporlasparedes\\\/\",\"name\":\"S\u00fabete por las paredes\",\"description\":\"\",\"publisher\":{\"@id\":\"https:\\\/\\\/www.paredes.es\\\/subeteporlasparedes\\\/#organization\"},\"potentialAction\":[{\"@type\":\"SearchAction\",\"target\":{\"@type\":\"EntryPoint\",\"urlTemplate\":\"https:\\\/\\\/www.paredes.es\\\/subeteporlasparedes\\\/?s={search_term_string}\"},\"query-input\":{\"@type\":\"PropertyValueSpecification\",\"valueRequired\":true,\"valueName\":\"search_term_string\"}}],\"inLanguage\":\"es\"},{\"@type\":\"Organization\",\"@id\":\"https:\\\/\\\/www.paredes.es\\\/subeteporlasparedes\\\/#organization\",\"name\":\"S\u00fabete por las paredes\",\"url\":\"https:\\\/\\\/www.paredes.es\\\/subeteporlasparedes\\\/\",\"logo\":{\"@type\":\"ImageObject\",\"inLanguage\":\"es\",\"@id\":\"https:\\\/\\\/www.paredes.es\\\/subeteporlasparedes\\\/#\\\/schema\\\/logo\\\/image\\\/\",\"url\":\"https:\\\/\\\/www.paredes.es\\\/subeteporlasparedes\\\/wp-content\\\/uploads\\\/2022\\\/11\\\/logo-white.png\",\"contentUrl\":\"https:\\\/\\\/www.paredes.es\\\/subeteporlasparedes\\\/wp-content\\\/uploads\\\/2022\\\/11\\\/logo-white.png\",\"width\":240,\"height\":47,\"caption\":\"S\u00fabete por las paredes\"},\"image\":{\"@id\":\"https:\\\/\\\/www.paredes.es\\\/subeteporlasparedes\\\/#\\\/schema\\\/logo\\\/image\\\/\"}},{\"@type\":\"Person\",\"@id\":\"https:\\\/\\\/www.paredes.es\\\/subeteporlasparedes\\\/#\\\/schema\\\/person\\\/9ced194fcb4ec60a2791bf729f69b60f\",\"name\":\"Paredes\",\"image\":{\"@type\":\"ImageObject\",\"inLanguage\":\"es\",\"@id\":\"https:\\\/\\\/secure.gravatar.com\\\/avatar\\\/b15c86dd1a91a9cca959665d42ed14660be030f65db42570f77e48bc5d3d15ec?s=96&d=mm&r=g\",\"url\":\"https:\\\/\\\/secure.gravatar.com\\\/avatar\\\/b15c86dd1a91a9cca959665d42ed14660be030f65db42570f77e48bc5d3d15ec?s=96&d=mm&r=g\",\"contentUrl\":\"https:\\\/\\\/secure.gravatar.com\\\/avatar\\\/b15c86dd1a91a9cca959665d42ed14660be030f65db42570f77e48bc5d3d15ec?s=96&d=mm&r=g\",\"caption\":\"Paredes\"},\"url\":\"https:\\\/\\\/www.paredes.es\\\/subeteporlasparedes\\\/author\\\/paredes-2\\\/\"}]}<\/script>\n<!-- \/ Yoast SEO plugin. -->","yoast_head_json":{"title":"Emociona regalando zapatillas para San Valent\u00edn | Blog | Paredes","description":"Si vas a regalar unas zapatillas Paredes, no te quedes en lo material y ve m\u00e1s all\u00e1. Te traemos ideas super chulas para acompa\u00f1ar tu regalo de zapatillas!","robots":{"index":"index","follow":"follow","max-snippet":"max-snippet:-1","max-image-preview":"max-image-preview:large","max-video-preview":"max-video-preview:-1"},"canonical":"https:\/\/www.paredes.es\/subeteporlasparedes\/emociona-regalando-zapatillas-para-san-valentin\/","og_locale":"es_ES","og_type":"article","og_title":"Emociona regalando zapatillas para San Valent\u00edn | Blog | Paredes","og_description":"Si vas a regalar unas zapatillas Paredes, no te quedes en lo material y ve m\u00e1s all\u00e1. Te traemos ideas super chulas para acompa\u00f1ar tu regalo de zapatillas!","og_url":"https:\/\/www.paredes.es\/subeteporlasparedes\/emociona-regalando-zapatillas-para-san-valentin\/","og_site_name":"S\u00fabete por las paredes","article_published_time":"2019-02-12T14:56:29+00:00","article_modified_time":"2025-05-28T10:11:11+00:00","og_image":[{"width":1423,"height":898,"url":"https:\/\/www.paredes.es\/subeteporlasparedes\/wp-content\/uploads\/2019\/02\/portada-san-valentin-paredes-segundas-rebajas.gif","type":"image\/gif"}],"author":"Paredes","twitter_card":"summary_large_image","twitter_misc":{"Escrito por":"Paredes","Tiempo de lectura":"2 minutos"},"schema":{"@context":"https:\/\/schema.org","@graph":[{"@type":"Article","@id":"https:\/\/www.paredes.es\/subeteporlasparedes\/emociona-regalando-zapatillas-para-san-valentin\/#article","isPartOf":{"@id":"https:\/\/www.paredes.es\/subeteporlasparedes\/emociona-regalando-zapatillas-para-san-valentin\/"},"author":{"name":"Paredes","@id":"https:\/\/www.paredes.es\/subeteporlasparedes\/#\/schema\/person\/9ced194fcb4ec60a2791bf729f69b60f"},"headline":"Emociona regalando zapatillas para San Valent\u00edn","datePublished":"2019-02-12T14:56:29+00:00","dateModified":"2025-05-28T10:11:11+00:00","mainEntityOfPage":{"@id":"https:\/\/www.paredes.es\/subeteporlasparedes\/emociona-regalando-zapatillas-para-san-valentin\/"},"wordCount":462,"commentCount":0,"publisher":{"@id":"https:\/\/www.paredes.es\/subeteporlasparedes\/#organization"},"image":{"@id":"https:\/\/www.paredes.es\/subeteporlasparedes\/emociona-regalando-zapatillas-para-san-valentin\/#primaryimage"},"thumbnailUrl":"https:\/\/www.paredes.es\/subeteporlasparedes\/wp-content\/uploads\/2019\/02\/portada-san-valentin-paredes-segundas-rebajas.gif","keywords":["portada","Regalos","san valent\u00edn","zapatillas","zapatillas paredes"],"articleSection":["Blog","Colecci\u00f3n Calzado Invierno","Eventos","Novedades P"],"inLanguage":"es","potentialAction":[{"@type":"CommentAction","name":"Comment","target":["https:\/\/www.paredes.es\/subeteporlasparedes\/emociona-regalando-zapatillas-para-san-valentin\/#respond"]}]},{"@type":"WebPage","@id":"https:\/\/www.paredes.es\/subeteporlasparedes\/emociona-regalando-zapatillas-para-san-valentin\/","url":"https:\/\/www.paredes.es\/subeteporlasparedes\/emociona-regalando-zapatillas-para-san-valentin\/","name":"Emociona regalando zapatillas para San Valent\u00edn | Blog | Paredes","isPartOf":{"@id":"https:\/\/www.paredes.es\/subeteporlasparedes\/#website"},"primaryImageOfPage":{"@id":"https:\/\/www.paredes.es\/subeteporlasparedes\/emociona-regalando-zapatillas-para-san-valentin\/#primaryimage"},"image":{"@id":"https:\/\/www.paredes.es\/subeteporlasparedes\/emociona-regalando-zapatillas-para-san-valentin\/#primaryimage"},"thumbnailUrl":"https:\/\/www.paredes.es\/subeteporlasparedes\/wp-content\/uploads\/2019\/02\/portada-san-valentin-paredes-segundas-rebajas.gif","datePublished":"2019-02-12T14:56:29+00:00","dateModified":"2025-05-28T10:11:11+00:00","description":"Si vas a regalar unas zapatillas Paredes, no te quedes en lo material y ve m\u00e1s all\u00e1. Te traemos ideas super chulas para acompa\u00f1ar tu regalo de zapatillas!","breadcrumb":{"@id":"https:\/\/www.paredes.es\/subeteporlasparedes\/emociona-regalando-zapatillas-para-san-valentin\/#breadcrumb"},"inLanguage":"es","potentialAction":[{"@type":"ReadAction","target":["https:\/\/www.paredes.es\/subeteporlasparedes\/emociona-regalando-zapatillas-para-san-valentin\/"]}]},{"@type":"ImageObject","inLanguage":"es","@id":"https:\/\/www.paredes.es\/subeteporlasparedes\/emociona-regalando-zapatillas-para-san-valentin\/#primaryimage","url":"https:\/\/www.paredes.es\/subeteporlasparedes\/wp-content\/uploads\/2019\/02\/portada-san-valentin-paredes-segundas-rebajas.gif","contentUrl":"https:\/\/www.paredes.es\/subeteporlasparedes\/wp-content\/uploads\/2019\/02\/portada-san-valentin-paredes-segundas-rebajas.gif","width":1423,"height":898,"caption":"Zapatillas San Valent\u00edn Paredes"},{"@type":"BreadcrumbList","@id":"https:\/\/www.paredes.es\/subeteporlasparedes\/emociona-regalando-zapatillas-para-san-valentin\/#breadcrumb","itemListElement":[{"@type":"ListItem","position":1,"name":"Portada","item":"https:\/\/www.paredes.es\/subeteporlasparedes\/"},{"@type":"ListItem","position":2,"name":"Emociona regalando zapatillas para San Valent\u00edn"}]},{"@type":"WebSite","@id":"https:\/\/www.paredes.es\/subeteporlasparedes\/#website","url":"https:\/\/www.paredes.es\/subeteporlasparedes\/","name":"S\u00fabete por las paredes","description":"","publisher":{"@id":"https:\/\/www.paredes.es\/subeteporlasparedes\/#organization"},"potentialAction":[{"@type":"SearchAction","target":{"@type":"EntryPoint","urlTemplate":"https:\/\/www.paredes.es\/subeteporlasparedes\/?s={search_term_string}"},"query-input":{"@type":"PropertyValueSpecification","valueRequired":true,"valueName":"search_term_string"}}],"inLanguage":"es"},{"@type":"Organization","@id":"https:\/\/www.paredes.es\/subeteporlasparedes\/#organization","name":"S\u00fabete por las paredes","url":"https:\/\/www.paredes.es\/subeteporlasparedes\/","logo":{"@type":"ImageObject","inLanguage":"es","@id":"https:\/\/www.paredes.es\/subeteporlasparedes\/#\/schema\/logo\/image\/","url":"https:\/\/www.paredes.es\/subeteporlasparedes\/wp-content\/uploads\/2022\/11\/logo-white.png","contentUrl":"https:\/\/www.paredes.es\/subeteporlasparedes\/wp-content\/uploads\/2022\/11\/logo-white.png","width":240,"height":47,"caption":"S\u00fabete por las paredes"},"image":{"@id":"https:\/\/www.paredes.es\/subeteporlasparedes\/#\/schema\/logo\/image\/"}},{"@type":"Person","@id":"https:\/\/www.paredes.es\/subeteporlasparedes\/#\/schema\/person\/9ced194fcb4ec60a2791bf729f69b60f","name":"Paredes","image":{"@type":"ImageObject","inLanguage":"es","@id":"https:\/\/secure.gravatar.com\/avatar\/b15c86dd1a91a9cca959665d42ed14660be030f65db42570f77e48bc5d3d15ec?s=96&d=mm&r=g","url":"https:\/\/secure.gravatar.com\/avatar\/b15c86dd1a91a9cca959665d42ed14660be030f65db42570f77e48bc5d3d15ec?s=96&d=mm&r=g","contentUrl":"https:\/\/secure.gravatar.com\/avatar\/b15c86dd1a91a9cca959665d42ed14660be030f65db42570f77e48bc5d3d15ec?s=96&d=mm&r=g","caption":"Paredes"},"url":"https:\/\/www.paredes.es\/subeteporlasparedes\/author\/paredes-2\/"}]}},"jetpack_featured_media_url":"https:\/\/www.paredes.es\/subeteporlasparedes\/wp-content\/uploads\/2019\/02\/portada-san-valentin-paredes-segundas-rebajas.gif","_links":{"self":[{"href":"https:\/\/www.paredes.es\/subeteporlasparedes\/wp-json\/wp\/v2\/posts\/4129","targetHints":{"allow":["GET"]}}],"collection":[{"href":"https:\/\/www.paredes.es\/subeteporlasparedes\/wp-json\/wp\/v2\/posts"}],"about":[{"href":"https:\/\/www.paredes.es\/subeteporlasparedes\/wp-json\/wp\/v2\/types\/post"}],"author":[{"embeddable":true,"href":"https:\/\/www.paredes.es\/subeteporlasparedes\/wp-json\/wp\/v2\/users\/1"}],"replies":[{"embeddable":true,"href":"https:\/\/www.paredes.es\/subeteporlasparedes\/wp-json\/wp\/v2\/comments?post=4129"}],"version-history":[{"count":17,"href":"https:\/\/www.paredes.es\/subeteporlasparedes\/wp-json\/wp\/v2\/posts\/4129\/revisions"}],"predecessor-version":[{"id":15479,"href":"https:\/\/www.paredes.es\/subeteporlasparedes\/wp-json\/wp\/v2\/posts\/4129\/revisions\/15479"}],"wp:featuredmedia":[{"embeddable":true,"href":"https:\/\/www.paredes.es\/subeteporlasparedes\/wp-json\/wp\/v2\/media\/4146"}],"wp:attachment":[{"href":"https:\/\/www.paredes.es\/subeteporlasparedes\/wp-json\/wp\/v2\/media?parent=4129"}],"wp:term":[{"taxonomy":"category","embeddable":true,"href":"https:\/\/www.paredes.es\/subeteporlasparedes\/wp-json\/wp\/v2\/categories?post=4129"},{"taxonomy":"post_tag","embeddable":true,"href":"https:\/\/www.paredes.es\/subeteporlasparedes\/wp-json\/wp\/v2\/tags?post=4129"}],"curies":[{"name":"wp","href":"https:\/\/api.w.org\/{rel}","templated":true}]}}