{"id":4290,"date":"2019-03-22T11:46:52","date_gmt":"2019-03-22T11:46:52","guid":{"rendered":"https:\/\/www.paredes.es\/subeteporlasparedes\/?p=4290"},"modified":"2025-05-28T12:22:45","modified_gmt":"2025-05-28T10:22:45","slug":"paredes-con-la-ilustracion-espanola-conoce-a-maria-costero","status":"publish","type":"post","link":"https:\/\/www.paredes.es\/subeteporlasparedes\/paredes-con-la-ilustracion-espanola-conoce-a-maria-costero\/","title":{"rendered":"Paredes con la Ilustraci\u00f3n espa\u00f1ola: Conoce a Mar\u00eda Costero"},"content":{"rendered":"<p>Estamos muy contentos de que esta iniciativa est\u00e9 gustando y tenga esta acogida! Agradecemos enormemente que <strong>grandes ilustradore<\/strong>s hayan querido participar en esta bonita colaboraci\u00f3n.<\/p>\n<p>Vamos a repasar todos los artistas que hasta ahora han desfilado por la secci\u00f3n de nuestro <strong>blog<\/strong>:<\/p>\n<p style=\"text-align: center;\"><strong><a href=\"https:\/\/www.paredes.es\/subeteporlasparedes\/paredes-con-la-ilustracion-espanola-conoce-a-javi-codina\/\" target=\"_blank\" rel=\"noopener noreferrer\">JAVI CODINA<\/a> | <a href=\"https:\/\/www.paredes.es\/subeteporlasparedes\/paredes-con-la-ilustracion-espanola-conoce-a-vireta\/\" target=\"_blank\" rel=\"noopener noreferrer\">VIRETA<\/a> | <a href=\"https:\/\/www.paredes.es\/subeteporlasparedes\/paredes-con-la-ilustracion-espanola-conoce-a-tutticonfetti\/\" target=\"_blank\" rel=\"noopener noreferrer\">TUTTICONFETTI<\/a> | <a href=\"https:\/\/www.paredes.es\/subeteporlasparedes\/paredes-con-la-ilustracion-conoce-a-dirty-harry\/\" target=\"_blank\" rel=\"noopener noreferrer\">DIRTY HARRY<\/a> | <a href=\"https:\/\/www.paredes.es\/subeteporlasparedes\/paredes-con-la-ilustracion-espanola-conoce-a-lauilustra\/\" target=\"_blank\" rel=\"noopener noreferrer\">LAUILUSTRA<\/a> | <a href=\"https:\/\/www.paredes.es\/subeteporlasparedes\/paredes-con-la-ilustracion-espanola-conoce-a-edgar-plans\/\" target=\"_blank\" rel=\"noopener noreferrer\">EDGAR PLANS<\/a> |<\/strong><a href=\"https:\/\/www.paredes.es\/subeteporlasparedes\/paredes-con-la-ilustracion-espanola-conoce-a-lolan\/\" target=\"_blank\" rel=\"noopener noreferrer\"><strong> LOLA<\/strong>N<\/a><\/p>\n<p style=\"text-align: center;\"><!--more--><\/p>\n<p><strong>En esta nueva entrevista se ha pasado por nuestro blog, Mar\u00eda Costero!<\/strong><\/p>\n<p>Mar\u00eda es una ilustradora madrile\u00f1a especializada en dise\u00f1o gr\u00e1fico, en arte pl\u00e1stico y amante de la pintura.<\/p>\n<p>Actualmente reside en Madrid, su ciudad natal, donde estudi\u00f3 Bellas Artes y Dise\u00f1o Gr\u00e1fico. Su condici\u00f3n de aventurera y so\u00f1adora incansable le llev\u00f3 a vivir en Reino Unido y en M\u00e9xico.<\/p>\n<p>Mar\u00eda da forma en sus pinturas a emociones, desde un punto de vista sincero y atractivo. Le gusta jugar con el dibujo y la pintura a partes iguales y fusionando color y formas.<\/p>\n<p>Conoce un poquito m\u00e1s el trabajo de esta gran ilustradora con la entrevista que le hemos hecho:<\/p>\n<h2>ENTREVISTA A <a href=\"https:\/\/www.instagram.com\/maria_costero\/\" target=\"_blank\" rel=\"noopener noreferrer\">MAR\u00cdA COSTERO<\/a><\/h2>\n<ol>\n<li><strong>Si tuvieras que elegir \u00bfte quedar\u00edas con la ilustraci\u00f3n, con el dise\u00f1o gr\u00e1fico o con\u00a0tu faceta de artista pl\u00e1stica?<\/strong><\/li>\n<\/ol>\n<p><em>\u00abSin duda alguna <strong>me quedar\u00eda con la pintura<\/strong>, ya sea para ilustrar o para crear obra personal. A trav\u00e9s de ella <strong>me muestro con naturalidad y me siento muy c\u00f3moda.<\/strong>\u00ab<\/em><\/p>\n<ol start=\"2\">\n<li><strong>\u00bfCu\u00e1l es el color que m\u00e1s te gusta utilizar en tus obras?<\/strong><\/li>\n<\/ol>\n<p><em>\u00ab\u00a1Me encanta el color <strong>turquesa<\/strong>! Me aporta tranquilidad y buenos recuerdos. Sin embargo, cada obra tiene su propia personalidad y no siempre admite este color.\u00bb<\/em><\/p>\n<div id='gallery-1' class='gallery galleryid-4290 gallery-columns-3 gallery-size-large'><figure class='gallery-item'>\n\t\t\t<div class='gallery-icon landscape'>\n\t\t\t\t<a href='https:\/\/www.paredes.es\/subeteporlasparedes\/paredes-con-la-ilustracion-espanola-conoce-a-maria-costero\/maria_costero5\/'><img fetchpriority=\"high\" decoding=\"async\" width=\"500\" height=\"500\" src=\"https:\/\/www.paredes.es\/subeteporlasparedes\/wp-content\/uploads\/2019\/03\/maria_costero5-500x500.jpg\" class=\"attachment-large size-large\" alt=\"Maria Costero ilustracion Colaboracion Blog Paredes\" aria-describedby=\"gallery-1-4297\" srcset=\"https:\/\/www.paredes.es\/subeteporlasparedes\/wp-content\/uploads\/2019\/03\/maria_costero5-500x500.jpg 500w, https:\/\/www.paredes.es\/subeteporlasparedes\/wp-content\/uploads\/2019\/03\/maria_costero5-150x150.jpg 150w, https:\/\/www.paredes.es\/subeteporlasparedes\/wp-content\/uploads\/2019\/03\/maria_costero5-768x768.jpg 768w, https:\/\/www.paredes.es\/subeteporlasparedes\/wp-content\/uploads\/2019\/03\/maria_costero5.jpg 1012w\" sizes=\"(max-width: 500px) 100vw, 500px\" \/><\/a>\n\t\t\t<\/div>\n\t\t\t\t<figcaption class='wp-caption-text gallery-caption' id='gallery-1-4297'>\n\t\t\t\tMaria Costero ilustracion Colaboracion Blog Paredes\n\t\t\t\t<\/figcaption><\/figure><figure class='gallery-item'>\n\t\t\t<div class='gallery-icon landscape'>\n\t\t\t\t<a href='https:\/\/www.paredes.es\/subeteporlasparedes\/paredes-con-la-ilustracion-espanola-conoce-a-maria-costero\/maria_costero3\/'><img decoding=\"async\" width=\"500\" height=\"500\" src=\"https:\/\/www.paredes.es\/subeteporlasparedes\/wp-content\/uploads\/2019\/03\/maria_costero3-500x500.jpg\" class=\"attachment-large size-large\" alt=\"Maria Costero ilustracion Colaboracion Blog Paredes\" aria-describedby=\"gallery-1-4295\" srcset=\"https:\/\/www.paredes.es\/subeteporlasparedes\/wp-content\/uploads\/2019\/03\/maria_costero3-500x500.jpg 500w, https:\/\/www.paredes.es\/subeteporlasparedes\/wp-content\/uploads\/2019\/03\/maria_costero3-150x150.jpg 150w, https:\/\/www.paredes.es\/subeteporlasparedes\/wp-content\/uploads\/2019\/03\/maria_costero3-768x768.jpg 768w, https:\/\/www.paredes.es\/subeteporlasparedes\/wp-content\/uploads\/2019\/03\/maria_costero3.jpg 1012w\" sizes=\"(max-width: 500px) 100vw, 500px\" \/><\/a>\n\t\t\t<\/div>\n\t\t\t\t<figcaption class='wp-caption-text gallery-caption' id='gallery-1-4295'>\n\t\t\t\tMaria Costero ilustracion Colaboracion Blog Paredes\n\t\t\t\t<\/figcaption><\/figure>\n\t\t<\/div>\n\n<ol start=\"3\">\n<li><strong>Una m\u00e1xima de tu vida.<\/strong><\/li>\n<\/ol>\n<p><em>\u00ab<strong>Poder vivir de lo que me apasiona.<\/strong> El trabajo es una parte de mi vida muy importante y a la que dedico muchas horas al d\u00eda. <strong>Sentirme feliz trabajando es fant\u00e1stico.<\/strong>\u00ab<\/em><\/p>\n<ol start=\"4\">\n<li><strong>\u00bfD\u00f3nde encuentras inspiraci\u00f3n para tu trabajo?<\/strong><\/li>\n<\/ol>\n<p><em>\u00abPuede sonar muy t\u00f3pico, pero<strong> la inspiraci\u00f3n la encuentro en mi d\u00eda a d\u00eda<\/strong>: en emociones, conversaciones, fotograf\u00edas, recuerdos, obras de otros artistas\u2026\u00bb<\/em><\/p>\n<ol start=\"5\">\n<li><strong>\u00bfCu\u00e1l ha sido hasta entonces tu mayor desaf\u00edo como ilustradora?<\/strong><\/li>\n<\/ol>\n<p><em>\u00ab<strong>Cada proyecto es un peque\u00f1o desaf\u00edo<\/strong>, pero es cuando realizo mis obra personal cuando verdaderamente me reto a m\u00ed misma. Un ejemplo es la serie de retratos al \u00f3leo a gran escala que realic\u00e9 hace unos a\u00f1os.\u00bb<\/em><\/p>\n<div id='gallery-2' class='gallery galleryid-4290 gallery-columns-3 gallery-size-large'><figure class='gallery-item'>\n\t\t\t<div class='gallery-icon portrait'>\n\t\t\t\t<a href='https:\/\/www.paredes.es\/subeteporlasparedes\/paredes-con-la-ilustracion-espanola-conoce-a-maria-costero\/retrato-maria-costero\/'><img decoding=\"async\" width=\"450\" height=\"500\" src=\"https:\/\/www.paredes.es\/subeteporlasparedes\/wp-content\/uploads\/2019\/03\/Retrato-maria-costero-450x500.jpg\" class=\"attachment-large size-large\" alt=\"Maria Costero ilustracion Colaboracion Blog Paredes\" srcset=\"https:\/\/www.paredes.es\/subeteporlasparedes\/wp-content\/uploads\/2019\/03\/Retrato-maria-costero-450x500.jpg 450w, https:\/\/www.paredes.es\/subeteporlasparedes\/wp-content\/uploads\/2019\/03\/Retrato-maria-costero-135x150.jpg 135w, https:\/\/www.paredes.es\/subeteporlasparedes\/wp-content\/uploads\/2019\/03\/Retrato-maria-costero.jpg 730w\" sizes=\"(max-width: 450px) 100vw, 450px\" \/><\/a>\n\t\t\t<\/div><\/figure><figure class='gallery-item'>\n\t\t\t<div class='gallery-icon landscape'>\n\t\t\t\t<a href='https:\/\/www.paredes.es\/subeteporlasparedes\/paredes-con-la-ilustracion-espanola-conoce-a-maria-costero\/44760113_295473341176816_4101781773177842947_n\/'><img loading=\"lazy\" decoding=\"async\" width=\"500\" height=\"500\" src=\"https:\/\/www.paredes.es\/subeteporlasparedes\/wp-content\/uploads\/2019\/03\/44760113_295473341176816_4101781773177842947_n-500x500.jpg\" class=\"attachment-large size-large\" alt=\"\" srcset=\"https:\/\/www.paredes.es\/subeteporlasparedes\/wp-content\/uploads\/2019\/03\/44760113_295473341176816_4101781773177842947_n-500x500.jpg 500w, https:\/\/www.paredes.es\/subeteporlasparedes\/wp-content\/uploads\/2019\/03\/44760113_295473341176816_4101781773177842947_n-150x150.jpg 150w, https:\/\/www.paredes.es\/subeteporlasparedes\/wp-content\/uploads\/2019\/03\/44760113_295473341176816_4101781773177842947_n-768x768.jpg 768w, https:\/\/www.paredes.es\/subeteporlasparedes\/wp-content\/uploads\/2019\/03\/44760113_295473341176816_4101781773177842947_n.jpg 1011w\" sizes=\"(max-width: 500px) 100vw, 500px\" \/><\/a>\n\t\t\t<\/div><\/figure><figure class='gallery-item'>\n\t\t\t<div class='gallery-icon portrait'>\n\t\t\t\t<a href='https:\/\/www.paredes.es\/subeteporlasparedes\/paredes-con-la-ilustracion-espanola-conoce-a-maria-costero\/50630191_2509235829104009_353650989885299692_n\/'><img loading=\"lazy\" decoding=\"async\" width=\"400\" height=\"500\" src=\"https:\/\/www.paredes.es\/subeteporlasparedes\/wp-content\/uploads\/2019\/03\/50630191_2509235829104009_353650989885299692_n-400x500.jpg\" class=\"attachment-large size-large\" alt=\"Maria Costero ilustracion Colaboracion Blog Paredes\" srcset=\"https:\/\/www.paredes.es\/subeteporlasparedes\/wp-content\/uploads\/2019\/03\/50630191_2509235829104009_353650989885299692_n-400x500.jpg 400w, https:\/\/www.paredes.es\/subeteporlasparedes\/wp-content\/uploads\/2019\/03\/50630191_2509235829104009_353650989885299692_n-120x150.jpg 120w, https:\/\/www.paredes.es\/subeteporlasparedes\/wp-content\/uploads\/2019\/03\/50630191_2509235829104009_353650989885299692_n-768x960.jpg 768w, https:\/\/www.paredes.es\/subeteporlasparedes\/wp-content\/uploads\/2019\/03\/50630191_2509235829104009_353650989885299692_n.jpg 1080w\" sizes=\"(max-width: 400px) 100vw, 400px\" \/><\/a>\n\t\t\t<\/div><\/figure>\n\t\t<\/div>\n\n<ol start=\"6\">\n<li><strong>\u00bfCu\u00e1les son tus pr\u00f3ximos trabajos y proyectos?<\/strong><\/li>\n<\/ol>\n<p><em>\u00abAhora mismo tengo dos proyectos entre manos con los que estoy muy ilusionada: <strong>un libro muy personal<\/strong>, que tardar\u00e1 un tiempo en coger forma; <strong>y mostrar mi trabajo como tatuadora<\/strong>, una t\u00e9cnica que siempre me ha llamado la atenci\u00f3n, en la que estoy trabajando mucho y que ir\u00e1 viendo la luz durante el pr\u00f3ximo mes.\u00bb<\/em><\/p>\n<ol start=\"7\">\n<li><strong>Una obra gr\u00e1fica que te encante y que nos recomiendes conocer.<\/strong><\/li>\n<\/ol>\n<p><em>\u00abCreo que no podr\u00eda elegir sola una, pero <strong>las obras<\/strong> m\u00e1s recientes <strong>del pintor <a href=\"https:\/\/www.instagram.com\/cesarbiojo\/\" target=\"_blank\" rel=\"noopener noreferrer\">Cesar Biojo<\/a><\/strong> me tienen fascinada. Sigo su trabajo desde hace muchos a\u00f1os y es uno de mis grandes referentes.\u00bb<\/em><\/p>\n<div id='gallery-3' class='gallery galleryid-4290 gallery-columns-3 gallery-size-large'><figure class='gallery-item'>\n\t\t\t<div class='gallery-icon landscape'>\n\t\t\t\t<a href='https:\/\/www.paredes.es\/subeteporlasparedes\/paredes-con-la-ilustracion-espanola-conoce-a-maria-costero\/maria_costero2\/'><img loading=\"lazy\" decoding=\"async\" width=\"512\" height=\"500\" src=\"https:\/\/www.paredes.es\/subeteporlasparedes\/wp-content\/uploads\/2019\/03\/maria_costero2-512x500.jpg\" class=\"attachment-large size-large\" alt=\"Maria Costero ilustracion Colaboracion Blog Paredes\" aria-describedby=\"gallery-3-4294\" srcset=\"https:\/\/www.paredes.es\/subeteporlasparedes\/wp-content\/uploads\/2019\/03\/maria_costero2-512x500.jpg 512w, https:\/\/www.paredes.es\/subeteporlasparedes\/wp-content\/uploads\/2019\/03\/maria_costero2-154x150.jpg 154w, https:\/\/www.paredes.es\/subeteporlasparedes\/wp-content\/uploads\/2019\/03\/maria_costero2-768x750.jpg 768w, https:\/\/www.paredes.es\/subeteporlasparedes\/wp-content\/uploads\/2019\/03\/maria_costero2-1200x1172.jpg 1200w, https:\/\/www.paredes.es\/subeteporlasparedes\/wp-content\/uploads\/2019\/03\/maria_costero2.jpg 2024w\" sizes=\"(max-width: 512px) 100vw, 512px\" \/><\/a>\n\t\t\t<\/div>\n\t\t\t\t<figcaption class='wp-caption-text gallery-caption' id='gallery-3-4294'>\n\t\t\t\tMaria Costero ilustracion Colaboracion Blog Paredes\n\t\t\t\t<\/figcaption><\/figure><figure class='gallery-item'>\n\t\t\t<div class='gallery-icon landscape'>\n\t\t\t\t<a href='https:\/\/www.paredes.es\/subeteporlasparedes\/paredes-con-la-ilustracion-espanola-conoce-a-maria-costero\/maria_costero4\/'><img loading=\"lazy\" decoding=\"async\" width=\"500\" height=\"500\" src=\"https:\/\/www.paredes.es\/subeteporlasparedes\/wp-content\/uploads\/2019\/03\/maria_costero4-500x500.jpg\" class=\"attachment-large size-large\" alt=\"Maria Costero ilustracion Colaboracion Blog Paredes\" aria-describedby=\"gallery-3-4296\" srcset=\"https:\/\/www.paredes.es\/subeteporlasparedes\/wp-content\/uploads\/2019\/03\/maria_costero4-500x500.jpg 500w, https:\/\/www.paredes.es\/subeteporlasparedes\/wp-content\/uploads\/2019\/03\/maria_costero4-150x150.jpg 150w, https:\/\/www.paredes.es\/subeteporlasparedes\/wp-content\/uploads\/2019\/03\/maria_costero4-768x768.jpg 768w, https:\/\/www.paredes.es\/subeteporlasparedes\/wp-content\/uploads\/2019\/03\/maria_costero4.jpg 1012w\" sizes=\"(max-width: 500px) 100vw, 500px\" \/><\/a>\n\t\t\t<\/div>\n\t\t\t\t<figcaption class='wp-caption-text gallery-caption' id='gallery-3-4296'>\n\t\t\t\tMaria Costero ilustracion Colaboracion Blog Paredes\n\t\t\t\t<\/figcaption><\/figure>\n\t\t<\/div>\n\n<ol start=\"8\">\n<li><strong>\u00bfAlg\u00fan consejo para las personas que est\u00e9n empezando en el mundo de la ilustraci\u00f3n?<\/strong><\/li>\n<\/ol>\n<p><em>\u00abMucha <strong>dedicaci\u00f3n y paciencia<\/strong>. Los resultados no se suelen ver a la primera y es necesario confiar en una misma para no tirar la toalla.\u00bb<\/em><\/p>\n<p><a href=\"https:\/\/www.paredes.es\/es\/catalogo\/producto\/467\/cp476\/bonn-75-negro-blanco\/\" target=\"_blank\" rel=\"noopener noreferrer\"><img loading=\"lazy\" decoding=\"async\" class=\"aligncenter wp-image-4298\" src=\"https:\/\/www.paredes.es\/subeteporlasparedes\/wp-content\/uploads\/2019\/03\/paredes_maria_costero-354x500.jpg\" alt=\"Maria Costero ilustracion Colaboracion Blog Paredes\" width=\"1159\" height=\"1639\" srcset=\"https:\/\/www.paredes.es\/subeteporlasparedes\/wp-content\/uploads\/2019\/03\/paredes_maria_costero-354x500.jpg 354w, https:\/\/www.paredes.es\/subeteporlasparedes\/wp-content\/uploads\/2019\/03\/paredes_maria_costero-106x150.jpg 106w, https:\/\/www.paredes.es\/subeteporlasparedes\/wp-content\/uploads\/2019\/03\/paredes_maria_costero-768x1086.jpg 768w, https:\/\/www.paredes.es\/subeteporlasparedes\/wp-content\/uploads\/2019\/03\/paredes_maria_costero-1200x1697.jpg 1200w\" sizes=\"(max-width: 1159px) 100vw, 1159px\" \/><\/a><\/p>\n<ol start=\"9\">\n<li><strong>\u00bfD\u00f3nde quieres que te lleven tus Paredes?<\/strong><\/li>\n<\/ol>\n<p><em>\u00ab<strong>\u00a1Lejos!<\/strong> <strong>No soy un persona conformista y siempre quiero ir m\u00e1s all\u00e1<\/strong>. Me encantan los retos, ponerme nuevas metas e ir donde haga falta para tener nuevas experiencias.\u00bb<\/em><\/p>\n<ol start=\"10\">\n<li><strong>Y por \u00faltimo \u00bfQu\u00e9 ilustrador nos recomiendas para realizarle esta misma entrevista y participar en el Blog de Paredes?<\/strong><\/li>\n<\/ol>\n<p><em>\u00ab\u00a1<a href=\"https:\/\/www.instagram.com\/cris_mjb\/\" target=\"_blank\" rel=\"noopener noreferrer\">Cristina Manjabacas<\/a>! Es una artista excelente con una t\u00e9cnica fant\u00e1stica. Un talento que no podemos ignorar y que merece todo nuestro apoyo y reconocimiento. Pod\u00e9is ver la obra de <a href=\"https:\/\/www.instagram.com\/cris_mjb\/\" target=\"_blank\" rel=\"noopener noreferrer\">@cris_mjb<\/a> en Instagram.\u00bb<\/em><\/p>\n<h2>Pod\u00e9is saber m\u00e1s de <strong>Mar\u00eda Costero<\/strong>\u00a0aqu\u00ed:<\/h2>\n<p style=\"text-align: center;\"><span style=\"color: #333399;\"><strong><a style=\"color: #333399;\" href=\"https:\/\/www.instagram.com\/maria_costero\/\" target=\"_blank\" rel=\"noopener noreferrer\">INSTAGRAM<\/a> | <a style=\"color: #333399;\" href=\"https:\/\/mariacostero.tictail.com\/\" target=\"_blank\" rel=\"noopener noreferrer\">TICTAIL<\/a> | <a style=\"color: #333399;\" href=\"https:\/\/www.facebook.com\/mariacosteroartist\/\" target=\"_blank\" rel=\"noopener noreferrer\">FACEBOOK\u00a0<\/a><\/strong><\/span><\/p>\n<h1><em><strong>Quieres participar en nuestra Secci\u00f3n ilustrada? <\/strong><\/em><\/h1>\n<p><strong>Atiende estos pasos porque si eres seleccionada\/o difundiremos tu trabajo en nuestras RRSS y en nuestro Blog! Y formar\u00e1s parte de las acciones de la marca Paredes!\u00a0<\/strong><\/p>\n<h3>C\u00f3mo participar:<\/h3>\n<ul>\n<li><strong>Versionea<\/strong> con una ilustraci\u00f3n nuestras<strong> Zapatillas Estrella, Ecol\u00f3gicas o Ediciones Limitadas.<\/strong><\/li>\n<li>Env\u00edanos un correo a <strong>comunicacion@paredes.es<\/strong> con tu obra ilustrada. H\u00e1blanos de ti y dinos si tienes web o rrss donde expones tus obras ilustradas. Si eres seleccionada\/o publicaremos tu trabajo junto a otros y te daremos difusi\u00f3n en todos nuestros canales sociales.<\/li>\n<\/ul>\n<h1>TE ESPERAMOS!<\/h1>\n","protected":false},"excerpt":{"rendered":"<p>Estamos muy contentos de que esta iniciativa est\u00e9 gustando y tenga esta acogida! Agradecemos enormemente que grandes ilustradores hayan querido participar en esta bonita colaboraci\u00f3n. Vamos a repasar todos los artistas que hasta ahora han desfilado por la secci\u00f3n de nuestro blog: JAVI CODINA | VIRETA | TUTTICONFETTI | DIRTY HARRY | LAUILUSTRA | EDGAR [&hellip;]<\/p>\n","protected":false},"author":1,"featured_media":4305,"comment_status":"open","ping_status":"open","sticky":false,"template":"","format":"standard","meta":{"sfsi_plus_gutenberg_text_before_share":"","sfsi_plus_gutenberg_show_text_before_share":"","sfsi_plus_gutenberg_icon_type":"","sfsi_plus_gutenberg_icon_alignemt":"","sfsi_plus_gutenburg_max_per_row":"","footnotes":""},"categories":[547,559,555,566],"tags":[404,423,358,433,394,359,226],"class_list":["post-4290","post","type-post","status-publish","format-standard","has-post-thumbnail","hentry","category-blog","category-entrevistas","category-ilustracion","category-talento-p","tag-arte-paredes","tag-entrevista","tag-ilustracion","tag-ilustracion-espanola","tag-ilustracion-paredes","tag-ilustracion-zapatillas","tag-portada"],"yoast_head":"<!-- This site is optimized with the Yoast SEO plugin v27.7 - https:\/\/yoast.com\/product\/yoast-seo-wordpress\/ -->\n<title>Paredes con la Ilustraci\u00f3n: Conoce a Mar\u00eda Costero | Paredes | Blog<\/title>\n<meta name=\"robots\" content=\"index, follow, max-snippet:-1, max-image-preview:large, max-video-preview:-1\" \/>\n<link rel=\"canonical\" href=\"https:\/\/www.paredes.es\/subeteporlasparedes\/paredes-con-la-ilustracion-espanola-conoce-a-maria-costero\/\" \/>\n<meta property=\"og:locale\" content=\"es_ES\" \/>\n<meta property=\"og:type\" content=\"article\" \/>\n<meta property=\"og:title\" content=\"Paredes con la Ilustraci\u00f3n: Conoce a Mar\u00eda Costero | Paredes | Blog\" \/>\n<meta property=\"og:description\" content=\"Estamos muy contentos de que esta iniciativa est\u00e9 gustando y tenga esta acogida! Agradecemos enormemente que grandes ilustradores hayan querido participar en esta bonita colaboraci\u00f3n. Vamos a repasar todos los artistas que hasta ahora han desfilado por la secci\u00f3n de nuestro blog: JAVI CODINA | VIRETA | TUTTICONFETTI | DIRTY HARRY | LAUILUSTRA | EDGAR [&hellip;]\" \/>\n<meta property=\"og:url\" content=\"https:\/\/www.paredes.es\/subeteporlasparedes\/paredes-con-la-ilustracion-espanola-conoce-a-maria-costero\/\" \/>\n<meta property=\"og:site_name\" content=\"S\u00fabete por las paredes\" \/>\n<meta property=\"article:published_time\" content=\"2019-03-22T11:46:52+00:00\" \/>\n<meta property=\"article:modified_time\" content=\"2025-05-28T10:22:45+00:00\" \/>\n<meta property=\"og:image\" content=\"https:\/\/www.paredes.es\/subeteporlasparedes\/wp-content\/uploads\/2019\/03\/paredes-portada-post-blog-ilustradores-maria-costero.jpg\" \/>\n\t<meta property=\"og:image:width\" content=\"1425\" \/>\n\t<meta property=\"og:image:height\" content=\"898\" \/>\n\t<meta property=\"og:image:type\" content=\"image\/jpeg\" \/>\n<meta name=\"author\" content=\"Paredes\" \/>\n<meta name=\"twitter:card\" content=\"summary_large_image\" \/>\n<meta name=\"twitter:label1\" content=\"Escrito por\" \/>\n\t<meta name=\"twitter:data1\" content=\"Paredes\" \/>\n\t<meta name=\"twitter:label2\" content=\"Tiempo de lectura\" \/>\n\t<meta name=\"twitter:data2\" content=\"4 minutos\" \/>\n<script type=\"application\/ld+json\" class=\"yoast-schema-graph\">{\"@context\":\"https:\\\/\\\/schema.org\",\"@graph\":[{\"@type\":\"Article\",\"@id\":\"https:\\\/\\\/www.paredes.es\\\/subeteporlasparedes\\\/paredes-con-la-ilustracion-espanola-conoce-a-maria-costero\\\/#article\",\"isPartOf\":{\"@id\":\"https:\\\/\\\/www.paredes.es\\\/subeteporlasparedes\\\/paredes-con-la-ilustracion-espanola-conoce-a-maria-costero\\\/\"},\"author\":{\"name\":\"Paredes\",\"@id\":\"https:\\\/\\\/www.paredes.es\\\/subeteporlasparedes\\\/#\\\/schema\\\/person\\\/9ced194fcb4ec60a2791bf729f69b60f\"},\"headline\":\"Paredes con la Ilustraci\u00f3n espa\u00f1ola: Conoce a Mar\u00eda Costero\",\"datePublished\":\"2019-03-22T11:46:52+00:00\",\"dateModified\":\"2025-05-28T10:22:45+00:00\",\"mainEntityOfPage\":{\"@id\":\"https:\\\/\\\/www.paredes.es\\\/subeteporlasparedes\\\/paredes-con-la-ilustracion-espanola-conoce-a-maria-costero\\\/\"},\"wordCount\":801,\"commentCount\":0,\"publisher\":{\"@id\":\"https:\\\/\\\/www.paredes.es\\\/subeteporlasparedes\\\/#organization\"},\"image\":{\"@id\":\"https:\\\/\\\/www.paredes.es\\\/subeteporlasparedes\\\/paredes-con-la-ilustracion-espanola-conoce-a-maria-costero\\\/#primaryimage\"},\"thumbnailUrl\":\"https:\\\/\\\/www.paredes.es\\\/subeteporlasparedes\\\/wp-content\\\/uploads\\\/2019\\\/03\\\/paredes-portada-post-blog-ilustradores-maria-costero.jpg\",\"keywords\":[\"Arte Paredes\",\"Entrevista\",\"ilustraci\u00f3n\",\"ilustraci\u00f3n Espa\u00f1ola\",\"Ilustraci\u00f3n Paredes\",\"ilustraci\u00f3n zapatillas\",\"portada\"],\"articleSection\":[\"Blog\",\"Entrevistas\",\"Ilustraci\u00f3n\",\"Talento P\"],\"inLanguage\":\"es\",\"potentialAction\":[{\"@type\":\"CommentAction\",\"name\":\"Comment\",\"target\":[\"https:\\\/\\\/www.paredes.es\\\/subeteporlasparedes\\\/paredes-con-la-ilustracion-espanola-conoce-a-maria-costero\\\/#respond\"]}]},{\"@type\":\"WebPage\",\"@id\":\"https:\\\/\\\/www.paredes.es\\\/subeteporlasparedes\\\/paredes-con-la-ilustracion-espanola-conoce-a-maria-costero\\\/\",\"url\":\"https:\\\/\\\/www.paredes.es\\\/subeteporlasparedes\\\/paredes-con-la-ilustracion-espanola-conoce-a-maria-costero\\\/\",\"name\":\"Paredes con la Ilustraci\u00f3n: Conoce a Mar\u00eda Costero | Paredes | Blog\",\"isPartOf\":{\"@id\":\"https:\\\/\\\/www.paredes.es\\\/subeteporlasparedes\\\/#website\"},\"primaryImageOfPage\":{\"@id\":\"https:\\\/\\\/www.paredes.es\\\/subeteporlasparedes\\\/paredes-con-la-ilustracion-espanola-conoce-a-maria-costero\\\/#primaryimage\"},\"image\":{\"@id\":\"https:\\\/\\\/www.paredes.es\\\/subeteporlasparedes\\\/paredes-con-la-ilustracion-espanola-conoce-a-maria-costero\\\/#primaryimage\"},\"thumbnailUrl\":\"https:\\\/\\\/www.paredes.es\\\/subeteporlasparedes\\\/wp-content\\\/uploads\\\/2019\\\/03\\\/paredes-portada-post-blog-ilustradores-maria-costero.jpg\",\"datePublished\":\"2019-03-22T11:46:52+00:00\",\"dateModified\":\"2025-05-28T10:22:45+00:00\",\"breadcrumb\":{\"@id\":\"https:\\\/\\\/www.paredes.es\\\/subeteporlasparedes\\\/paredes-con-la-ilustracion-espanola-conoce-a-maria-costero\\\/#breadcrumb\"},\"inLanguage\":\"es\",\"potentialAction\":[{\"@type\":\"ReadAction\",\"target\":[\"https:\\\/\\\/www.paredes.es\\\/subeteporlasparedes\\\/paredes-con-la-ilustracion-espanola-conoce-a-maria-costero\\\/\"]}]},{\"@type\":\"ImageObject\",\"inLanguage\":\"es\",\"@id\":\"https:\\\/\\\/www.paredes.es\\\/subeteporlasparedes\\\/paredes-con-la-ilustracion-espanola-conoce-a-maria-costero\\\/#primaryimage\",\"url\":\"https:\\\/\\\/www.paredes.es\\\/subeteporlasparedes\\\/wp-content\\\/uploads\\\/2019\\\/03\\\/paredes-portada-post-blog-ilustradores-maria-costero.jpg\",\"contentUrl\":\"https:\\\/\\\/www.paredes.es\\\/subeteporlasparedes\\\/wp-content\\\/uploads\\\/2019\\\/03\\\/paredes-portada-post-blog-ilustradores-maria-costero.jpg\",\"width\":1425,\"height\":898,\"caption\":\"Ilustraci\u00f3n espa\u00f1ola Mar\u00eda Costero Blog Paredes\"},{\"@type\":\"BreadcrumbList\",\"@id\":\"https:\\\/\\\/www.paredes.es\\\/subeteporlasparedes\\\/paredes-con-la-ilustracion-espanola-conoce-a-maria-costero\\\/#breadcrumb\",\"itemListElement\":[{\"@type\":\"ListItem\",\"position\":1,\"name\":\"Portada\",\"item\":\"https:\\\/\\\/www.paredes.es\\\/subeteporlasparedes\\\/\"},{\"@type\":\"ListItem\",\"position\":2,\"name\":\"Paredes con la Ilustraci\u00f3n espa\u00f1ola: Conoce a Mar\u00eda Costero\"}]},{\"@type\":\"WebSite\",\"@id\":\"https:\\\/\\\/www.paredes.es\\\/subeteporlasparedes\\\/#website\",\"url\":\"https:\\\/\\\/www.paredes.es\\\/subeteporlasparedes\\\/\",\"name\":\"S\u00fabete por las paredes\",\"description\":\"\",\"publisher\":{\"@id\":\"https:\\\/\\\/www.paredes.es\\\/subeteporlasparedes\\\/#organization\"},\"potentialAction\":[{\"@type\":\"SearchAction\",\"target\":{\"@type\":\"EntryPoint\",\"urlTemplate\":\"https:\\\/\\\/www.paredes.es\\\/subeteporlasparedes\\\/?s={search_term_string}\"},\"query-input\":{\"@type\":\"PropertyValueSpecification\",\"valueRequired\":true,\"valueName\":\"search_term_string\"}}],\"inLanguage\":\"es\"},{\"@type\":\"Organization\",\"@id\":\"https:\\\/\\\/www.paredes.es\\\/subeteporlasparedes\\\/#organization\",\"name\":\"S\u00fabete por las paredes\",\"url\":\"https:\\\/\\\/www.paredes.es\\\/subeteporlasparedes\\\/\",\"logo\":{\"@type\":\"ImageObject\",\"inLanguage\":\"es\",\"@id\":\"https:\\\/\\\/www.paredes.es\\\/subeteporlasparedes\\\/#\\\/schema\\\/logo\\\/image\\\/\",\"url\":\"https:\\\/\\\/www.paredes.es\\\/subeteporlasparedes\\\/wp-content\\\/uploads\\\/2022\\\/11\\\/logo-white.png\",\"contentUrl\":\"https:\\\/\\\/www.paredes.es\\\/subeteporlasparedes\\\/wp-content\\\/uploads\\\/2022\\\/11\\\/logo-white.png\",\"width\":240,\"height\":47,\"caption\":\"S\u00fabete por las paredes\"},\"image\":{\"@id\":\"https:\\\/\\\/www.paredes.es\\\/subeteporlasparedes\\\/#\\\/schema\\\/logo\\\/image\\\/\"}},{\"@type\":\"Person\",\"@id\":\"https:\\\/\\\/www.paredes.es\\\/subeteporlasparedes\\\/#\\\/schema\\\/person\\\/9ced194fcb4ec60a2791bf729f69b60f\",\"name\":\"Paredes\",\"image\":{\"@type\":\"ImageObject\",\"inLanguage\":\"es\",\"@id\":\"https:\\\/\\\/secure.gravatar.com\\\/avatar\\\/b15c86dd1a91a9cca959665d42ed14660be030f65db42570f77e48bc5d3d15ec?s=96&d=mm&r=g\",\"url\":\"https:\\\/\\\/secure.gravatar.com\\\/avatar\\\/b15c86dd1a91a9cca959665d42ed14660be030f65db42570f77e48bc5d3d15ec?s=96&d=mm&r=g\",\"contentUrl\":\"https:\\\/\\\/secure.gravatar.com\\\/avatar\\\/b15c86dd1a91a9cca959665d42ed14660be030f65db42570f77e48bc5d3d15ec?s=96&d=mm&r=g\",\"caption\":\"Paredes\"},\"url\":\"https:\\\/\\\/www.paredes.es\\\/subeteporlasparedes\\\/author\\\/paredes-2\\\/\"}]}<\/script>\n<!-- \/ Yoast SEO plugin. -->","yoast_head_json":{"title":"Paredes con la Ilustraci\u00f3n: Conoce a Mar\u00eda Costero | Paredes | Blog","robots":{"index":"index","follow":"follow","max-snippet":"max-snippet:-1","max-image-preview":"max-image-preview:large","max-video-preview":"max-video-preview:-1"},"canonical":"https:\/\/www.paredes.es\/subeteporlasparedes\/paredes-con-la-ilustracion-espanola-conoce-a-maria-costero\/","og_locale":"es_ES","og_type":"article","og_title":"Paredes con la Ilustraci\u00f3n: Conoce a Mar\u00eda Costero | Paredes | Blog","og_description":"Estamos muy contentos de que esta iniciativa est\u00e9 gustando y tenga esta acogida! Agradecemos enormemente que grandes ilustradores hayan querido participar en esta bonita colaboraci\u00f3n. Vamos a repasar todos los artistas que hasta ahora han desfilado por la secci\u00f3n de nuestro blog: JAVI CODINA | VIRETA | TUTTICONFETTI | DIRTY HARRY | LAUILUSTRA | EDGAR [&hellip;]","og_url":"https:\/\/www.paredes.es\/subeteporlasparedes\/paredes-con-la-ilustracion-espanola-conoce-a-maria-costero\/","og_site_name":"S\u00fabete por las paredes","article_published_time":"2019-03-22T11:46:52+00:00","article_modified_time":"2025-05-28T10:22:45+00:00","og_image":[{"width":1425,"height":898,"url":"https:\/\/www.paredes.es\/subeteporlasparedes\/wp-content\/uploads\/2019\/03\/paredes-portada-post-blog-ilustradores-maria-costero.jpg","type":"image\/jpeg"}],"author":"Paredes","twitter_card":"summary_large_image","twitter_misc":{"Escrito por":"Paredes","Tiempo de lectura":"4 minutos"},"schema":{"@context":"https:\/\/schema.org","@graph":[{"@type":"Article","@id":"https:\/\/www.paredes.es\/subeteporlasparedes\/paredes-con-la-ilustracion-espanola-conoce-a-maria-costero\/#article","isPartOf":{"@id":"https:\/\/www.paredes.es\/subeteporlasparedes\/paredes-con-la-ilustracion-espanola-conoce-a-maria-costero\/"},"author":{"name":"Paredes","@id":"https:\/\/www.paredes.es\/subeteporlasparedes\/#\/schema\/person\/9ced194fcb4ec60a2791bf729f69b60f"},"headline":"Paredes con la Ilustraci\u00f3n espa\u00f1ola: Conoce a Mar\u00eda Costero","datePublished":"2019-03-22T11:46:52+00:00","dateModified":"2025-05-28T10:22:45+00:00","mainEntityOfPage":{"@id":"https:\/\/www.paredes.es\/subeteporlasparedes\/paredes-con-la-ilustracion-espanola-conoce-a-maria-costero\/"},"wordCount":801,"commentCount":0,"publisher":{"@id":"https:\/\/www.paredes.es\/subeteporlasparedes\/#organization"},"image":{"@id":"https:\/\/www.paredes.es\/subeteporlasparedes\/paredes-con-la-ilustracion-espanola-conoce-a-maria-costero\/#primaryimage"},"thumbnailUrl":"https:\/\/www.paredes.es\/subeteporlasparedes\/wp-content\/uploads\/2019\/03\/paredes-portada-post-blog-ilustradores-maria-costero.jpg","keywords":["Arte Paredes","Entrevista","ilustraci\u00f3n","ilustraci\u00f3n Espa\u00f1ola","Ilustraci\u00f3n Paredes","ilustraci\u00f3n zapatillas","portada"],"articleSection":["Blog","Entrevistas","Ilustraci\u00f3n","Talento P"],"inLanguage":"es","potentialAction":[{"@type":"CommentAction","name":"Comment","target":["https:\/\/www.paredes.es\/subeteporlasparedes\/paredes-con-la-ilustracion-espanola-conoce-a-maria-costero\/#respond"]}]},{"@type":"WebPage","@id":"https:\/\/www.paredes.es\/subeteporlasparedes\/paredes-con-la-ilustracion-espanola-conoce-a-maria-costero\/","url":"https:\/\/www.paredes.es\/subeteporlasparedes\/paredes-con-la-ilustracion-espanola-conoce-a-maria-costero\/","name":"Paredes con la Ilustraci\u00f3n: Conoce a Mar\u00eda Costero | Paredes | Blog","isPartOf":{"@id":"https:\/\/www.paredes.es\/subeteporlasparedes\/#website"},"primaryImageOfPage":{"@id":"https:\/\/www.paredes.es\/subeteporlasparedes\/paredes-con-la-ilustracion-espanola-conoce-a-maria-costero\/#primaryimage"},"image":{"@id":"https:\/\/www.paredes.es\/subeteporlasparedes\/paredes-con-la-ilustracion-espanola-conoce-a-maria-costero\/#primaryimage"},"thumbnailUrl":"https:\/\/www.paredes.es\/subeteporlasparedes\/wp-content\/uploads\/2019\/03\/paredes-portada-post-blog-ilustradores-maria-costero.jpg","datePublished":"2019-03-22T11:46:52+00:00","dateModified":"2025-05-28T10:22:45+00:00","breadcrumb":{"@id":"https:\/\/www.paredes.es\/subeteporlasparedes\/paredes-con-la-ilustracion-espanola-conoce-a-maria-costero\/#breadcrumb"},"inLanguage":"es","potentialAction":[{"@type":"ReadAction","target":["https:\/\/www.paredes.es\/subeteporlasparedes\/paredes-con-la-ilustracion-espanola-conoce-a-maria-costero\/"]}]},{"@type":"ImageObject","inLanguage":"es","@id":"https:\/\/www.paredes.es\/subeteporlasparedes\/paredes-con-la-ilustracion-espanola-conoce-a-maria-costero\/#primaryimage","url":"https:\/\/www.paredes.es\/subeteporlasparedes\/wp-content\/uploads\/2019\/03\/paredes-portada-post-blog-ilustradores-maria-costero.jpg","contentUrl":"https:\/\/www.paredes.es\/subeteporlasparedes\/wp-content\/uploads\/2019\/03\/paredes-portada-post-blog-ilustradores-maria-costero.jpg","width":1425,"height":898,"caption":"Ilustraci\u00f3n espa\u00f1ola Mar\u00eda Costero Blog Paredes"},{"@type":"BreadcrumbList","@id":"https:\/\/www.paredes.es\/subeteporlasparedes\/paredes-con-la-ilustracion-espanola-conoce-a-maria-costero\/#breadcrumb","itemListElement":[{"@type":"ListItem","position":1,"name":"Portada","item":"https:\/\/www.paredes.es\/subeteporlasparedes\/"},{"@type":"ListItem","position":2,"name":"Paredes con la Ilustraci\u00f3n espa\u00f1ola: Conoce a Mar\u00eda Costero"}]},{"@type":"WebSite","@id":"https:\/\/www.paredes.es\/subeteporlasparedes\/#website","url":"https:\/\/www.paredes.es\/subeteporlasparedes\/","name":"S\u00fabete por las paredes","description":"","publisher":{"@id":"https:\/\/www.paredes.es\/subeteporlasparedes\/#organization"},"potentialAction":[{"@type":"SearchAction","target":{"@type":"EntryPoint","urlTemplate":"https:\/\/www.paredes.es\/subeteporlasparedes\/?s={search_term_string}"},"query-input":{"@type":"PropertyValueSpecification","valueRequired":true,"valueName":"search_term_string"}}],"inLanguage":"es"},{"@type":"Organization","@id":"https:\/\/www.paredes.es\/subeteporlasparedes\/#organization","name":"S\u00fabete por las paredes","url":"https:\/\/www.paredes.es\/subeteporlasparedes\/","logo":{"@type":"ImageObject","inLanguage":"es","@id":"https:\/\/www.paredes.es\/subeteporlasparedes\/#\/schema\/logo\/image\/","url":"https:\/\/www.paredes.es\/subeteporlasparedes\/wp-content\/uploads\/2022\/11\/logo-white.png","contentUrl":"https:\/\/www.paredes.es\/subeteporlasparedes\/wp-content\/uploads\/2022\/11\/logo-white.png","width":240,"height":47,"caption":"S\u00fabete por las paredes"},"image":{"@id":"https:\/\/www.paredes.es\/subeteporlasparedes\/#\/schema\/logo\/image\/"}},{"@type":"Person","@id":"https:\/\/www.paredes.es\/subeteporlasparedes\/#\/schema\/person\/9ced194fcb4ec60a2791bf729f69b60f","name":"Paredes","image":{"@type":"ImageObject","inLanguage":"es","@id":"https:\/\/secure.gravatar.com\/avatar\/b15c86dd1a91a9cca959665d42ed14660be030f65db42570f77e48bc5d3d15ec?s=96&d=mm&r=g","url":"https:\/\/secure.gravatar.com\/avatar\/b15c86dd1a91a9cca959665d42ed14660be030f65db42570f77e48bc5d3d15ec?s=96&d=mm&r=g","contentUrl":"https:\/\/secure.gravatar.com\/avatar\/b15c86dd1a91a9cca959665d42ed14660be030f65db42570f77e48bc5d3d15ec?s=96&d=mm&r=g","caption":"Paredes"},"url":"https:\/\/www.paredes.es\/subeteporlasparedes\/author\/paredes-2\/"}]}},"jetpack_featured_media_url":"https:\/\/www.paredes.es\/subeteporlasparedes\/wp-content\/uploads\/2019\/03\/paredes-portada-post-blog-ilustradores-maria-costero.jpg","_links":{"self":[{"href":"https:\/\/www.paredes.es\/subeteporlasparedes\/wp-json\/wp\/v2\/posts\/4290","targetHints":{"allow":["GET"]}}],"collection":[{"href":"https:\/\/www.paredes.es\/subeteporlasparedes\/wp-json\/wp\/v2\/posts"}],"about":[{"href":"https:\/\/www.paredes.es\/subeteporlasparedes\/wp-json\/wp\/v2\/types\/post"}],"author":[{"embeddable":true,"href":"https:\/\/www.paredes.es\/subeteporlasparedes\/wp-json\/wp\/v2\/users\/1"}],"replies":[{"embeddable":true,"href":"https:\/\/www.paredes.es\/subeteporlasparedes\/wp-json\/wp\/v2\/comments?post=4290"}],"version-history":[{"count":22,"href":"https:\/\/www.paredes.es\/subeteporlasparedes\/wp-json\/wp\/v2\/posts\/4290\/revisions"}],"predecessor-version":[{"id":15484,"href":"https:\/\/www.paredes.es\/subeteporlasparedes\/wp-json\/wp\/v2\/posts\/4290\/revisions\/15484"}],"wp:featuredmedia":[{"embeddable":true,"href":"https:\/\/www.paredes.es\/subeteporlasparedes\/wp-json\/wp\/v2\/media\/4305"}],"wp:attachment":[{"href":"https:\/\/www.paredes.es\/subeteporlasparedes\/wp-json\/wp\/v2\/media?parent=4290"}],"wp:term":[{"taxonomy":"category","embeddable":true,"href":"https:\/\/www.paredes.es\/subeteporlasparedes\/wp-json\/wp\/v2\/categories?post=4290"},{"taxonomy":"post_tag","embeddable":true,"href":"https:\/\/www.paredes.es\/subeteporlasparedes\/wp-json\/wp\/v2\/tags?post=4290"}],"curies":[{"name":"wp","href":"https:\/\/api.w.org\/{rel}","templated":true}]}}