{"id":4327,"date":"2020-07-10T10:17:07","date_gmt":"2020-07-10T10:17:07","guid":{"rendered":"https:\/\/www.paredes.es\/subeteporlasparedes\/?p=4327"},"modified":"2025-05-30T12:14:52","modified_gmt":"2025-05-30T10:14:52","slug":"paredes-con-la-ilustracion-espanola","status":"publish","type":"post","link":"https:\/\/www.paredes.es\/subeteporlasparedes\/paredes-con-la-ilustracion-espanola\/","title":{"rendered":"Paredes con la Ilustraci\u00f3n espa\u00f1ola: Conoce a Alba S\u00e1enz"},"content":{"rendered":"\n<h2 class=\"wp-block-heading\">De nuevo la ilustraci\u00f3n llega a Paredes, y es que no podemos estar m\u00e1s orgullosos del talento espa\u00f1ol. Esta vez le llega el turno a Alba S\u00e1enz, y su versi\u00f3n ilustrada de nuestras zapatillas nos ha encantado. No te pierdas su entrevista y conoce su trabajo.<\/h2>\n\n\n\n<p><!--more--><\/p>\n\n\n\n<p>En <strong>Paredes<\/strong>, uno de nuestros prop\u00f3sitos, es destacar el talento espa\u00f1ol y darle reconocimiento.<\/p>\n\n\n\n<p>Son muchos los ilustradores que han desfilado ya por nuestro Blog. A trav\u00e9s de estas entrevistas nos han contado sus proyectos futuros, sus dificultades y c\u00f3mo lograr sus sue\u00f1os.<\/p>\n\n\n\n<p>Esta vez le toca el turno a la ilustradora <strong>Alba S\u00e1enz<\/strong> (<em><a aria-label=\"undefined (abre en una nueva pesta\u00f1a)\" href=\"https:\/\/www.instagram.com\/ilustralba\/\" target=\"_blank\" rel=\"noreferrer noopener\">@ilustralba<\/a><\/em>), natural de Madrid y especializadas en ilustraci\u00f3n editorial, publicitaria y personalizada.<\/p>\n\n\n\n<p>En la siguiente entrevista, conoce a esta artista y todo su trabajo:<\/p>\n\n\n\n<p><\/p>\n\n\n<div class=\"wp-block-image\">\n<figure class=\"aligncenter size-full\"><a href=\"https:\/\/www.instagram.com\/ilustralba\/\" target=\"_blank\" rel=\"noopener noreferrer\"><img fetchpriority=\"high\" decoding=\"async\" width=\"1080\" height=\"1350\" src=\"https:\/\/www.paredes.es\/subeteporlasparedes\/wp-content\/uploads\/2020\/07\/alba-sanez-ilustracion-blog-paredes-0.jpg\" alt=\"ilustracion Alba Saenz blog de Paredes\" class=\"wp-image-6223\" srcset=\"https:\/\/www.paredes.es\/subeteporlasparedes\/wp-content\/uploads\/2020\/07\/alba-sanez-ilustracion-blog-paredes-0.jpg 1080w, https:\/\/www.paredes.es\/subeteporlasparedes\/wp-content\/uploads\/2020\/07\/alba-sanez-ilustracion-blog-paredes-0-120x150.jpg 120w, https:\/\/www.paredes.es\/subeteporlasparedes\/wp-content\/uploads\/2020\/07\/alba-sanez-ilustracion-blog-paredes-0-400x500.jpg 400w, https:\/\/www.paredes.es\/subeteporlasparedes\/wp-content\/uploads\/2020\/07\/alba-sanez-ilustracion-blog-paredes-0-768x960.jpg 768w\" sizes=\"(max-width: 1080px) 100vw, 1080px\" \/><\/a><\/figure><\/div>\n\n\n<p><\/p>\n\n\n\n<h2 class=\"wp-block-heading\">\u27a4 ENTREVISTA A | <a aria-label=\"undefined (abre en una nueva pesta\u00f1a)\" href=\"https:\/\/www.instagram.com\/ilustralba\/\" target=\"_blank\" rel=\"noreferrer noopener\">ALBA S\u00c1ENZ<\/a><\/h2>\n\n\n\n<ul class=\"wp-block-list\">\n<li><strong>\u00bfDe d\u00f3nde te viene la pasi\u00f3n por la pintura y el dibujo?<\/strong><\/li>\n<\/ul>\n\n\n\n<p><em>\u00abLlevo dibujando desde peque\u00f1a, en cuanto aprend\u00ed a agarrar el l\u00e1piz empez\u00f3 esta aventura, <strong>no recuerdo ning\u00fan momento en mi vida en el que haya dejado de pintar.<\/strong>\u00ab<\/em><\/p>\n\n\n\n<blockquote class=\"wp-block-quote has-text-align-center is-layout-flow wp-block-quote-is-layout-flow\">\n<p>\u00ab<strong>No recuerdo ning\u00fan momento en mi vida en el que haya dejado de pintar.<\/strong>\u00ab<\/p>\n<cite>Alba S\u00e1enz<\/cite><\/blockquote>\n\n\n\n<ul class=\"wp-block-list\">\n<li><strong>\u00bfCon qu\u00e9 estilo de ilustraci\u00f3n te identificas m\u00e1s? \u00bfPor qu\u00e9?<\/strong><\/li>\n<\/ul>\n\n\n\n<p><em>\u00abYo creo que sobre todo con la ilustraci\u00f3n tradicional, el 90% de mi trabajo es con acuarela. Si que es verdad que hay una parte final digital muy importante, ya que hay que preparar las ilustraciones para que sean un archivo \u00f3ptimo para cada proyecto.\u00bb<\/em><\/p>\n\n\n\n<p><\/p>\n\n\n\n<figure class=\"wp-block-image size-full\"><a href=\"https:\/\/www.instagram.com\/ilustralba\/\" target=\"_blank\" rel=\"noopener noreferrer\"><img decoding=\"async\" width=\"1080\" height=\"1350\" src=\"https:\/\/www.paredes.es\/subeteporlasparedes\/wp-content\/uploads\/2020\/07\/alba-sanez-ilustracion-blog-paredes-2.jpg\" alt=\"ilustracion alba saenz blog de paredes\" class=\"wp-image-6226\" srcset=\"https:\/\/www.paredes.es\/subeteporlasparedes\/wp-content\/uploads\/2020\/07\/alba-sanez-ilustracion-blog-paredes-2.jpg 1080w, https:\/\/www.paredes.es\/subeteporlasparedes\/wp-content\/uploads\/2020\/07\/alba-sanez-ilustracion-blog-paredes-2-120x150.jpg 120w, https:\/\/www.paredes.es\/subeteporlasparedes\/wp-content\/uploads\/2020\/07\/alba-sanez-ilustracion-blog-paredes-2-400x500.jpg 400w, https:\/\/www.paredes.es\/subeteporlasparedes\/wp-content\/uploads\/2020\/07\/alba-sanez-ilustracion-blog-paredes-2-768x960.jpg 768w\" sizes=\"(max-width: 1080px) 100vw, 1080px\" \/><\/a><\/figure>\n\n\n\n<ul class=\"wp-block-list\">\n<li><strong>Este encierro \u00bfQu\u00e9 ha supuesto para ti a nivel profesional y personal?<\/strong><\/li>\n<\/ul>\n\n\n\n<p><em>\u00abEn mi trabajo afortunadamente no ha repercutido demasiado, trabajo desde casa siempre, los proyectos que hab\u00eda pendientes han podido salir adelante y han surgido otros nuevos.\u00bb<\/em><\/p>\n\n\n\n<p><em>\u00abEn lo personal ha habido altibajos, ha sido mucho tiempo sin salir, pero dentro de lo que cabe, lo he llevado bastante bien.\u00bb<\/em><\/p>\n\n\n\n<ul class=\"wp-block-list\">\n<li><strong>\u00bfQu\u00e9 quieres transmitir con tus ilustraciones?<\/strong><\/li>\n<\/ul>\n\n\n\n<p><em>\u00abCalidez, calma y poes\u00eda. Me gusta mucho hacer ilustraciones metaf\u00f3ricas y minimalistas.\u00bb<\/em><\/p>\n\n\n\n<p><\/p>\n\n\n<div class=\"wp-block-image\">\n<figure class=\"aligncenter size-full\"><img decoding=\"async\" width=\"905\" height=\"1280\" src=\"https:\/\/www.paredes.es\/subeteporlasparedes\/wp-content\/uploads\/2020\/07\/paredes-ilustralba.jpeg\" alt=\"version ilustrada de zapatillas Paredes ilustradora Alba Saenz\" class=\"wp-image-6229\" srcset=\"https:\/\/www.paredes.es\/subeteporlasparedes\/wp-content\/uploads\/2020\/07\/paredes-ilustralba.jpeg 905w, https:\/\/www.paredes.es\/subeteporlasparedes\/wp-content\/uploads\/2020\/07\/paredes-ilustralba-106x150.jpeg 106w, https:\/\/www.paredes.es\/subeteporlasparedes\/wp-content\/uploads\/2020\/07\/paredes-ilustralba-354x500.jpeg 354w, https:\/\/www.paredes.es\/subeteporlasparedes\/wp-content\/uploads\/2020\/07\/paredes-ilustralba-768x1086.jpeg 768w\" sizes=\"(max-width: 905px) 100vw, 905px\" \/><\/figure><\/div>\n\n\n<ul class=\"wp-block-list\">\n<li><strong>Has ilustrado el interior del libro \u201cLa Princesa\u201d, \u00bfqu\u00e9 signific\u00f3 para ti?<\/strong><\/li>\n<\/ul>\n\n\n\n<p><em>\u00abIlusi\u00f3n y aprendizaje. Fue un proyecto muy especial.\u00bb<\/em><\/p>\n\n\n\n<ul class=\"wp-block-list\">\n<li><strong>\u00bfQu\u00e9 te ha supuesto compartir y mostrar tu talento en Instagram?<\/strong><\/li>\n<\/ul>\n\n\n\n<p><em>\u00abRecibir much\u00edsimo apoyo. Ser freelance no es nada f\u00e1cil y agradezco mucho cada mensaje, cada comentario, cada pedido\u2026 Tengo la suerte de haber encontrado una comunidad incre\u00edble.\u00bb<\/em><\/p>\n\n\n<div class=\"wp-block-image\">\n<figure class=\"aligncenter size-full is-resized\"><a href=\"https:\/\/www.paredes.es\/es\/catalogo\/producto\/905\/cs19514\/amelie\/\" target=\"_blank\" rel=\"noopener noreferrer\"><img loading=\"lazy\" decoding=\"async\" width=\"720\" height=\"1280\" src=\"https:\/\/www.paredes.es\/subeteporlasparedes\/wp-content\/uploads\/2020\/07\/alba-saenz-paredes2.jpeg\" alt=\"ilustracion Alba Saenz blog de Paredes\" class=\"wp-image-6241\" style=\"width:905px\" srcset=\"https:\/\/www.paredes.es\/subeteporlasparedes\/wp-content\/uploads\/2020\/07\/alba-saenz-paredes2.jpeg 720w, https:\/\/www.paredes.es\/subeteporlasparedes\/wp-content\/uploads\/2020\/07\/alba-saenz-paredes2-84x150.jpeg 84w, https:\/\/www.paredes.es\/subeteporlasparedes\/wp-content\/uploads\/2020\/07\/alba-saenz-paredes2-281x500.jpeg 281w\" sizes=\"(max-width: 720px) 100vw, 720px\" \/><\/a><\/figure><\/div>\n\n\n<ul class=\"wp-block-list\">\n<li><strong>\u00bfCu\u00e1les son tus fuentes de inspiraci\u00f3n?<\/strong><\/li>\n<\/ul>\n\n\n\n<p><em>\u00abEncuentro inspiraci\u00f3n en lo cotidiano, en el d\u00eda a d\u00eda. Un paseo, una noticia, un libro, una conversaci\u00f3n\u2026\u00bb<\/em><\/p>\n\n\n\n<p><\/p>\n\n\n\n<ul class=\"wp-block-list\">\n<li><strong>Cu\u00e9ntanos la mejor vivencia que te haya dado tu trabajo.<\/strong><\/li>\n<\/ul>\n\n\n\n<p><em>\u00abCreo que una de las an\u00e9cdotas m\u00e1s bonitas es la de un d\u00eda cualquiera en el metro, en hora punta, abarrotado, sin apenas espacio para moverse. La mayor\u00eda atentos mirando su m\u00f3vil, cuando veo una chica que, a pesar del poco espacio, est\u00e1 luchando por mantener abiertas unas p\u00e1ginas, y, para mi sorpresa, de uno de los libros que yo ilustr\u00e9. Me hizo mucha ilusi\u00f3n.\u00bb<\/em><\/p>\n\n\n<div class=\"wp-block-image\">\n<figure class=\"aligncenter size-full\"><a href=\"https:\/\/www.instagram.com\/ilustralba\/\" target=\"_blank\" rel=\"noopener noreferrer\"><img loading=\"lazy\" decoding=\"async\" width=\"1080\" height=\"1350\" src=\"https:\/\/www.paredes.es\/subeteporlasparedes\/wp-content\/uploads\/2020\/07\/alba-sanez-ilustracion-blog-paredes.jpg\" alt=\"\" class=\"wp-image-6228\" srcset=\"https:\/\/www.paredes.es\/subeteporlasparedes\/wp-content\/uploads\/2020\/07\/alba-sanez-ilustracion-blog-paredes.jpg 1080w, https:\/\/www.paredes.es\/subeteporlasparedes\/wp-content\/uploads\/2020\/07\/alba-sanez-ilustracion-blog-paredes-120x150.jpg 120w, https:\/\/www.paredes.es\/subeteporlasparedes\/wp-content\/uploads\/2020\/07\/alba-sanez-ilustracion-blog-paredes-400x500.jpg 400w, https:\/\/www.paredes.es\/subeteporlasparedes\/wp-content\/uploads\/2020\/07\/alba-sanez-ilustracion-blog-paredes-768x960.jpg 768w\" sizes=\"(max-width: 1080px) 100vw, 1080px\" \/><\/a><\/figure><\/div>\n\n\n<ul class=\"wp-block-list\">\n<li><strong>\u00bfCu\u00e1ndo te diste cuenta qu\u00e9 quer\u00edas vivir de tu arte?<\/strong><\/li>\n<\/ul>\n\n\n\n<p><em>\u00abEn 4\u00ba de la ESO, cuando decid\u00ed ir por la rama de artes pl\u00e1sticas para bachiller.\u00bb<\/em><\/p>\n\n\n\n<ul class=\"wp-block-list\">\n<li><strong>\u00bfQu\u00e9 consejos le dar\u00edas a alguien que quiere dedicarse profesionalmente a este \u00e1mbito?<\/strong><\/li>\n<\/ul>\n\n\n\n<p><em>\u00abCreo que la ilusi\u00f3n es lo que lleva a practicar y practicar, as\u00ed que dir\u00eda que no la pierda por dif\u00edcil que crea que lo tiene. Es una profesi\u00f3n que necesita de mucha paciencia. Antes de dedicarte, durante y siempre.\u00bb<\/em><\/p>\n\n\n\n<p><\/p>\n\n\n<div class=\"wp-block-image\">\n<figure class=\"aligncenter size-full\"><a href=\"https:\/\/www.instagram.com\/ilustralba\/\" target=\"_blank\" rel=\"noopener noreferrer\"><img loading=\"lazy\" decoding=\"async\" width=\"1080\" height=\"1349\" src=\"https:\/\/www.paredes.es\/subeteporlasparedes\/wp-content\/uploads\/2020\/07\/alba-saenz-ilustracion-blog-paredes.jpg\" alt=\"ilustracion alba saenz blog de paredes\" class=\"wp-image-6224\" srcset=\"https:\/\/www.paredes.es\/subeteporlasparedes\/wp-content\/uploads\/2020\/07\/alba-saenz-ilustracion-blog-paredes.jpg 1080w, https:\/\/www.paredes.es\/subeteporlasparedes\/wp-content\/uploads\/2020\/07\/alba-saenz-ilustracion-blog-paredes-120x150.jpg 120w, https:\/\/www.paredes.es\/subeteporlasparedes\/wp-content\/uploads\/2020\/07\/alba-saenz-ilustracion-blog-paredes-400x500.jpg 400w, https:\/\/www.paredes.es\/subeteporlasparedes\/wp-content\/uploads\/2020\/07\/alba-saenz-ilustracion-blog-paredes-768x959.jpg 768w\" sizes=\"(max-width: 1080px) 100vw, 1080px\" \/><\/a><\/figure><\/div>\n\n\n<ul class=\"wp-block-list\">\n<li><strong>\u00bfA d\u00f3nde quieres que te lleven las Paredes? \u00bfD\u00f3nde te gustar\u00eda verte dentro de 5 a\u00f1os?<\/strong><\/li>\n<\/ul>\n\n\n\n<p><em>\u00abPues la verdad que no tengo ni idea. Hace 5 a\u00f1os no me imaginaba para nada que ahora estar\u00eda, por ejemplo, haciendo esta entrevista como ilustradora. Soy de dejarme llevar bastante, as\u00ed que, que las Paredes me lleven donde ellas quieran.\u00bb<\/em><\/p>\n\n\n\n<ul class=\"wp-block-list\">\n<li><strong>Y por \u00faltimo \u00bfa qu\u00e9 profesional de la ilustraci\u00f3n nos recomiendas para realizarle esta misma entrevista y participar en el Blog de Paredes?<\/strong><\/li>\n<\/ul>\n\n\n\n<p><em>\u00abA Celia L\u00f3pez Bacete (<strong><a href=\"https:\/\/www.instagram.com\/celialopbac\/\" target=\"_blank\" aria-label=\"undefined (abre en una nueva pesta\u00f1a)\" rel=\"noreferrer noopener\">@celialopbac<\/a><\/strong>) es una artista maravillosa, transmite much\u00edsimo con cada trazo.\u00bb<\/em><\/p>\n\n\n\n<h2 class=\"wp-block-heading\">Para saber m\u00e1s \u27a4 ILUSTRALBA | ALBA S\u00c1ENZ<\/h2>\n\n\n\n<h3 class=\"wp-block-heading has-text-align-center\"><a aria-label=\"undefined (abre en una nueva pesta\u00f1a)\" href=\"https:\/\/www.instagram.com\/celialopbac\/\" target=\"_blank\" rel=\"noreferrer noopener\">INSTAGRAM<\/a> | <a aria-label=\"undefined (abre en una nueva pesta\u00f1a)\" href=\"http:\/\/www.ilustralba.com\" target=\"_blank\" rel=\"noreferrer noopener\">WEB<\/a> | <a href=\"https:\/\/www.ilustralba.com\/shop\/\" target=\"_blank\" aria-label=\"undefined (abre en una nueva pesta\u00f1a)\" rel=\"noreferrer noopener\">TIENDA ONLINE<\/a><\/h3>\n\n\n\n<h2 class=\"wp-block-heading\"><strong><em>\u00bfQuieres&nbsp;<\/em><\/strong><strong><em>participar en nuestra Secci\u00f3n Ilustrada?<\/em><\/strong><\/h2>\n\n\n\n<h3 class=\"wp-block-heading\"><strong>Atiende estos pasos porque si eres seleccionada\/o, difundiremos tu trabajo en nuestras RRSS y en nuestro Blog. \u00a1Formar\u00e1s parte de las acciones de la marca Paredes!&nbsp;<\/strong><\/h3>\n\n\n\n<h3 class=\"wp-block-heading\">C\u00f3mo participar:<\/h3>\n\n\n\n<ul class=\"wp-block-list\">\n<li><strong>Versionea<\/strong>\u00a0con una ilustraci\u00f3n nuestras<strong>\u00a0Zapatillas Estrella\u00a0o\u00a0Ecol\u00f3gicas<\/strong><\/li>\n\n\n\n<li>Env\u00edanos un correo a\u00a0<strong>comunicacion@paredes.es<\/strong>\u00a0con<br>tu obra ilustrada. H\u00e1blanos de ti y dinos si tienes web o RR.SS donde expones tus obras ilustradas. Si eres seleccionada\/o publicaremos tu trabajo junto a otros y te daremos difusi\u00f3n en todos nuestros canales sociales.<\/li>\n<\/ul>\n\n\n\n<h2 class=\"wp-block-heading\">TE ESPERAMOS!<\/h2>\n","protected":false},"excerpt":{"rendered":"<p>De nuevo la ilustraci\u00f3n llega a Paredes, y es que no podemos estar m\u00e1s orgullosos del talento espa\u00f1ol. Esta vez le llega el turno a Alba S\u00e1enz, y su versi\u00f3n ilustrada de nuestras zapatillas nos ha encantado. No te pierdas su entrevista y conoce su trabajo.<\/p>\n","protected":false},"author":1,"featured_media":6604,"comment_status":"open","ping_status":"open","sticky":false,"template":"","format":"standard","meta":{"sfsi_plus_gutenberg_text_before_share":"","sfsi_plus_gutenberg_show_text_before_share":"","sfsi_plus_gutenberg_icon_type":"","sfsi_plus_gutenberg_icon_alignemt":"","sfsi_plus_gutenburg_max_per_row":"","footnotes":""},"categories":[547,574,559,555],"tags":[333,358,433,578,226],"class_list":["post-4327","post","type-post","status-publish","format-standard","has-post-thumbnail","hentry","category-blog","category-colaboraciones","category-entrevistas","category-ilustracion","tag-blog","tag-ilustracion","tag-ilustracion-espanola","tag-paredes-illustra","tag-portada"],"yoast_head":"<!-- This site is optimized with the Yoast SEO plugin v27.7 - https:\/\/yoast.com\/product\/yoast-seo-wordpress\/ -->\n<title>Paredes con la Ilustraci\u00f3n espa\u00f1ola: Alba S\u00e1enz | Blog | Paredes<\/title>\n<meta name=\"description\" content=\"Paredes est\u00e1 de nuevo con la ilustraci\u00f3n y el talento espa\u00f1ol, por lo que te traemos a Alba S\u00e1enz, el nuevo fichaje en el Blog. Conoce su trabajo aqu\u00ed.\" \/>\n<meta name=\"robots\" content=\"index, follow, max-snippet:-1, max-image-preview:large, max-video-preview:-1\" \/>\n<link rel=\"canonical\" href=\"https:\/\/www.paredes.es\/subeteporlasparedes\/paredes-con-la-ilustracion-espanola\/\" \/>\n<meta property=\"og:locale\" content=\"es_ES\" \/>\n<meta property=\"og:type\" content=\"article\" \/>\n<meta property=\"og:title\" content=\"Paredes con la Ilustraci\u00f3n espa\u00f1ola: Alba S\u00e1enz | Blog | Paredes\" \/>\n<meta property=\"og:description\" content=\"Paredes est\u00e1 de nuevo con la ilustraci\u00f3n y el talento espa\u00f1ol, por lo que te traemos a Alba S\u00e1enz, el nuevo fichaje en el Blog. Conoce su trabajo aqu\u00ed.\" \/>\n<meta property=\"og:url\" content=\"https:\/\/www.paredes.es\/subeteporlasparedes\/paredes-con-la-ilustracion-espanola\/\" \/>\n<meta property=\"og:site_name\" content=\"S\u00fabete por las paredes\" \/>\n<meta property=\"article:published_time\" content=\"2020-07-10T10:17:07+00:00\" \/>\n<meta property=\"article:modified_time\" content=\"2025-05-30T10:14:52+00:00\" \/>\n<meta property=\"og:image\" content=\"https:\/\/www.paredes.es\/subeteporlasparedes\/wp-content\/uploads\/2020\/07\/Portadas-blog-paredes-ilustralba.jpg\" \/>\n\t<meta property=\"og:image:width\" content=\"1423\" \/>\n\t<meta property=\"og:image:height\" content=\"898\" \/>\n\t<meta property=\"og:image:type\" content=\"image\/jpeg\" \/>\n<meta name=\"author\" content=\"Paredes\" \/>\n<meta name=\"twitter:card\" content=\"summary_large_image\" \/>\n<meta name=\"twitter:label1\" content=\"Escrito por\" \/>\n\t<meta name=\"twitter:data1\" content=\"Paredes\" \/>\n\t<meta name=\"twitter:label2\" content=\"Tiempo de lectura\" \/>\n\t<meta name=\"twitter:data2\" content=\"4 minutos\" \/>\n<script type=\"application\/ld+json\" class=\"yoast-schema-graph\">{\"@context\":\"https:\\\/\\\/schema.org\",\"@graph\":[{\"@type\":\"Article\",\"@id\":\"https:\\\/\\\/www.paredes.es\\\/subeteporlasparedes\\\/paredes-con-la-ilustracion-espanola\\\/#article\",\"isPartOf\":{\"@id\":\"https:\\\/\\\/www.paredes.es\\\/subeteporlasparedes\\\/paredes-con-la-ilustracion-espanola\\\/\"},\"author\":{\"name\":\"Paredes\",\"@id\":\"https:\\\/\\\/www.paredes.es\\\/subeteporlasparedes\\\/#\\\/schema\\\/person\\\/9ced194fcb4ec60a2791bf729f69b60f\"},\"headline\":\"Paredes con la Ilustraci\u00f3n espa\u00f1ola: Conoce a Alba S\u00e1enz\",\"datePublished\":\"2020-07-10T10:17:07+00:00\",\"dateModified\":\"2025-05-30T10:14:52+00:00\",\"mainEntityOfPage\":{\"@id\":\"https:\\\/\\\/www.paredes.es\\\/subeteporlasparedes\\\/paredes-con-la-ilustracion-espanola\\\/\"},\"wordCount\":830,\"commentCount\":0,\"publisher\":{\"@id\":\"https:\\\/\\\/www.paredes.es\\\/subeteporlasparedes\\\/#organization\"},\"image\":{\"@id\":\"https:\\\/\\\/www.paredes.es\\\/subeteporlasparedes\\\/paredes-con-la-ilustracion-espanola\\\/#primaryimage\"},\"thumbnailUrl\":\"https:\\\/\\\/www.paredes.es\\\/subeteporlasparedes\\\/wp-content\\\/uploads\\\/2020\\\/07\\\/Portadas-blog-paredes-ilustralba.jpg\",\"keywords\":[\"blog\",\"ilustraci\u00f3n\",\"ilustraci\u00f3n Espa\u00f1ola\",\"Paredes illustra\",\"portada\"],\"articleSection\":[\"Blog\",\"Colaboraciones\",\"Entrevistas\",\"Ilustraci\u00f3n\"],\"inLanguage\":\"es\",\"potentialAction\":[{\"@type\":\"CommentAction\",\"name\":\"Comment\",\"target\":[\"https:\\\/\\\/www.paredes.es\\\/subeteporlasparedes\\\/paredes-con-la-ilustracion-espanola\\\/#respond\"]}]},{\"@type\":\"WebPage\",\"@id\":\"https:\\\/\\\/www.paredes.es\\\/subeteporlasparedes\\\/paredes-con-la-ilustracion-espanola\\\/\",\"url\":\"https:\\\/\\\/www.paredes.es\\\/subeteporlasparedes\\\/paredes-con-la-ilustracion-espanola\\\/\",\"name\":\"Paredes con la Ilustraci\u00f3n espa\u00f1ola: Alba S\u00e1enz | Blog | Paredes\",\"isPartOf\":{\"@id\":\"https:\\\/\\\/www.paredes.es\\\/subeteporlasparedes\\\/#website\"},\"primaryImageOfPage\":{\"@id\":\"https:\\\/\\\/www.paredes.es\\\/subeteporlasparedes\\\/paredes-con-la-ilustracion-espanola\\\/#primaryimage\"},\"image\":{\"@id\":\"https:\\\/\\\/www.paredes.es\\\/subeteporlasparedes\\\/paredes-con-la-ilustracion-espanola\\\/#primaryimage\"},\"thumbnailUrl\":\"https:\\\/\\\/www.paredes.es\\\/subeteporlasparedes\\\/wp-content\\\/uploads\\\/2020\\\/07\\\/Portadas-blog-paredes-ilustralba.jpg\",\"datePublished\":\"2020-07-10T10:17:07+00:00\",\"dateModified\":\"2025-05-30T10:14:52+00:00\",\"description\":\"Paredes est\u00e1 de nuevo con la ilustraci\u00f3n y el talento espa\u00f1ol, por lo que te traemos a Alba S\u00e1enz, el nuevo fichaje en el Blog. Conoce su trabajo aqu\u00ed.\",\"breadcrumb\":{\"@id\":\"https:\\\/\\\/www.paredes.es\\\/subeteporlasparedes\\\/paredes-con-la-ilustracion-espanola\\\/#breadcrumb\"},\"inLanguage\":\"es\",\"potentialAction\":[{\"@type\":\"ReadAction\",\"target\":[\"https:\\\/\\\/www.paredes.es\\\/subeteporlasparedes\\\/paredes-con-la-ilustracion-espanola\\\/\"]}]},{\"@type\":\"ImageObject\",\"inLanguage\":\"es\",\"@id\":\"https:\\\/\\\/www.paredes.es\\\/subeteporlasparedes\\\/paredes-con-la-ilustracion-espanola\\\/#primaryimage\",\"url\":\"https:\\\/\\\/www.paredes.es\\\/subeteporlasparedes\\\/wp-content\\\/uploads\\\/2020\\\/07\\\/Portadas-blog-paredes-ilustralba.jpg\",\"contentUrl\":\"https:\\\/\\\/www.paredes.es\\\/subeteporlasparedes\\\/wp-content\\\/uploads\\\/2020\\\/07\\\/Portadas-blog-paredes-ilustralba.jpg\",\"width\":1423,\"height\":898},{\"@type\":\"BreadcrumbList\",\"@id\":\"https:\\\/\\\/www.paredes.es\\\/subeteporlasparedes\\\/paredes-con-la-ilustracion-espanola\\\/#breadcrumb\",\"itemListElement\":[{\"@type\":\"ListItem\",\"position\":1,\"name\":\"Portada\",\"item\":\"https:\\\/\\\/www.paredes.es\\\/subeteporlasparedes\\\/\"},{\"@type\":\"ListItem\",\"position\":2,\"name\":\"Paredes con la Ilustraci\u00f3n espa\u00f1ola: Conoce a Alba S\u00e1enz\"}]},{\"@type\":\"WebSite\",\"@id\":\"https:\\\/\\\/www.paredes.es\\\/subeteporlasparedes\\\/#website\",\"url\":\"https:\\\/\\\/www.paredes.es\\\/subeteporlasparedes\\\/\",\"name\":\"S\u00fabete por las paredes\",\"description\":\"\",\"publisher\":{\"@id\":\"https:\\\/\\\/www.paredes.es\\\/subeteporlasparedes\\\/#organization\"},\"potentialAction\":[{\"@type\":\"SearchAction\",\"target\":{\"@type\":\"EntryPoint\",\"urlTemplate\":\"https:\\\/\\\/www.paredes.es\\\/subeteporlasparedes\\\/?s={search_term_string}\"},\"query-input\":{\"@type\":\"PropertyValueSpecification\",\"valueRequired\":true,\"valueName\":\"search_term_string\"}}],\"inLanguage\":\"es\"},{\"@type\":\"Organization\",\"@id\":\"https:\\\/\\\/www.paredes.es\\\/subeteporlasparedes\\\/#organization\",\"name\":\"S\u00fabete por las paredes\",\"url\":\"https:\\\/\\\/www.paredes.es\\\/subeteporlasparedes\\\/\",\"logo\":{\"@type\":\"ImageObject\",\"inLanguage\":\"es\",\"@id\":\"https:\\\/\\\/www.paredes.es\\\/subeteporlasparedes\\\/#\\\/schema\\\/logo\\\/image\\\/\",\"url\":\"https:\\\/\\\/www.paredes.es\\\/subeteporlasparedes\\\/wp-content\\\/uploads\\\/2022\\\/11\\\/logo-white.png\",\"contentUrl\":\"https:\\\/\\\/www.paredes.es\\\/subeteporlasparedes\\\/wp-content\\\/uploads\\\/2022\\\/11\\\/logo-white.png\",\"width\":240,\"height\":47,\"caption\":\"S\u00fabete por las paredes\"},\"image\":{\"@id\":\"https:\\\/\\\/www.paredes.es\\\/subeteporlasparedes\\\/#\\\/schema\\\/logo\\\/image\\\/\"}},{\"@type\":\"Person\",\"@id\":\"https:\\\/\\\/www.paredes.es\\\/subeteporlasparedes\\\/#\\\/schema\\\/person\\\/9ced194fcb4ec60a2791bf729f69b60f\",\"name\":\"Paredes\",\"image\":{\"@type\":\"ImageObject\",\"inLanguage\":\"es\",\"@id\":\"https:\\\/\\\/secure.gravatar.com\\\/avatar\\\/b15c86dd1a91a9cca959665d42ed14660be030f65db42570f77e48bc5d3d15ec?s=96&d=mm&r=g\",\"url\":\"https:\\\/\\\/secure.gravatar.com\\\/avatar\\\/b15c86dd1a91a9cca959665d42ed14660be030f65db42570f77e48bc5d3d15ec?s=96&d=mm&r=g\",\"contentUrl\":\"https:\\\/\\\/secure.gravatar.com\\\/avatar\\\/b15c86dd1a91a9cca959665d42ed14660be030f65db42570f77e48bc5d3d15ec?s=96&d=mm&r=g\",\"caption\":\"Paredes\"},\"url\":\"https:\\\/\\\/www.paredes.es\\\/subeteporlasparedes\\\/author\\\/paredes-2\\\/\"}]}<\/script>\n<!-- \/ Yoast SEO plugin. -->","yoast_head_json":{"title":"Paredes con la Ilustraci\u00f3n espa\u00f1ola: Alba S\u00e1enz | Blog | Paredes","description":"Paredes est\u00e1 de nuevo con la ilustraci\u00f3n y el talento espa\u00f1ol, por lo que te traemos a Alba S\u00e1enz, el nuevo fichaje en el Blog. Conoce su trabajo aqu\u00ed.","robots":{"index":"index","follow":"follow","max-snippet":"max-snippet:-1","max-image-preview":"max-image-preview:large","max-video-preview":"max-video-preview:-1"},"canonical":"https:\/\/www.paredes.es\/subeteporlasparedes\/paredes-con-la-ilustracion-espanola\/","og_locale":"es_ES","og_type":"article","og_title":"Paredes con la Ilustraci\u00f3n espa\u00f1ola: Alba S\u00e1enz | Blog | Paredes","og_description":"Paredes est\u00e1 de nuevo con la ilustraci\u00f3n y el talento espa\u00f1ol, por lo que te traemos a Alba S\u00e1enz, el nuevo fichaje en el Blog. Conoce su trabajo aqu\u00ed.","og_url":"https:\/\/www.paredes.es\/subeteporlasparedes\/paredes-con-la-ilustracion-espanola\/","og_site_name":"S\u00fabete por las paredes","article_published_time":"2020-07-10T10:17:07+00:00","article_modified_time":"2025-05-30T10:14:52+00:00","og_image":[{"width":1423,"height":898,"url":"https:\/\/www.paredes.es\/subeteporlasparedes\/wp-content\/uploads\/2020\/07\/Portadas-blog-paredes-ilustralba.jpg","type":"image\/jpeg"}],"author":"Paredes","twitter_card":"summary_large_image","twitter_misc":{"Escrito por":"Paredes","Tiempo de lectura":"4 minutos"},"schema":{"@context":"https:\/\/schema.org","@graph":[{"@type":"Article","@id":"https:\/\/www.paredes.es\/subeteporlasparedes\/paredes-con-la-ilustracion-espanola\/#article","isPartOf":{"@id":"https:\/\/www.paredes.es\/subeteporlasparedes\/paredes-con-la-ilustracion-espanola\/"},"author":{"name":"Paredes","@id":"https:\/\/www.paredes.es\/subeteporlasparedes\/#\/schema\/person\/9ced194fcb4ec60a2791bf729f69b60f"},"headline":"Paredes con la Ilustraci\u00f3n espa\u00f1ola: Conoce a Alba S\u00e1enz","datePublished":"2020-07-10T10:17:07+00:00","dateModified":"2025-05-30T10:14:52+00:00","mainEntityOfPage":{"@id":"https:\/\/www.paredes.es\/subeteporlasparedes\/paredes-con-la-ilustracion-espanola\/"},"wordCount":830,"commentCount":0,"publisher":{"@id":"https:\/\/www.paredes.es\/subeteporlasparedes\/#organization"},"image":{"@id":"https:\/\/www.paredes.es\/subeteporlasparedes\/paredes-con-la-ilustracion-espanola\/#primaryimage"},"thumbnailUrl":"https:\/\/www.paredes.es\/subeteporlasparedes\/wp-content\/uploads\/2020\/07\/Portadas-blog-paredes-ilustralba.jpg","keywords":["blog","ilustraci\u00f3n","ilustraci\u00f3n Espa\u00f1ola","Paredes illustra","portada"],"articleSection":["Blog","Colaboraciones","Entrevistas","Ilustraci\u00f3n"],"inLanguage":"es","potentialAction":[{"@type":"CommentAction","name":"Comment","target":["https:\/\/www.paredes.es\/subeteporlasparedes\/paredes-con-la-ilustracion-espanola\/#respond"]}]},{"@type":"WebPage","@id":"https:\/\/www.paredes.es\/subeteporlasparedes\/paredes-con-la-ilustracion-espanola\/","url":"https:\/\/www.paredes.es\/subeteporlasparedes\/paredes-con-la-ilustracion-espanola\/","name":"Paredes con la Ilustraci\u00f3n espa\u00f1ola: Alba S\u00e1enz | Blog | Paredes","isPartOf":{"@id":"https:\/\/www.paredes.es\/subeteporlasparedes\/#website"},"primaryImageOfPage":{"@id":"https:\/\/www.paredes.es\/subeteporlasparedes\/paredes-con-la-ilustracion-espanola\/#primaryimage"},"image":{"@id":"https:\/\/www.paredes.es\/subeteporlasparedes\/paredes-con-la-ilustracion-espanola\/#primaryimage"},"thumbnailUrl":"https:\/\/www.paredes.es\/subeteporlasparedes\/wp-content\/uploads\/2020\/07\/Portadas-blog-paredes-ilustralba.jpg","datePublished":"2020-07-10T10:17:07+00:00","dateModified":"2025-05-30T10:14:52+00:00","description":"Paredes est\u00e1 de nuevo con la ilustraci\u00f3n y el talento espa\u00f1ol, por lo que te traemos a Alba S\u00e1enz, el nuevo fichaje en el Blog. Conoce su trabajo aqu\u00ed.","breadcrumb":{"@id":"https:\/\/www.paredes.es\/subeteporlasparedes\/paredes-con-la-ilustracion-espanola\/#breadcrumb"},"inLanguage":"es","potentialAction":[{"@type":"ReadAction","target":["https:\/\/www.paredes.es\/subeteporlasparedes\/paredes-con-la-ilustracion-espanola\/"]}]},{"@type":"ImageObject","inLanguage":"es","@id":"https:\/\/www.paredes.es\/subeteporlasparedes\/paredes-con-la-ilustracion-espanola\/#primaryimage","url":"https:\/\/www.paredes.es\/subeteporlasparedes\/wp-content\/uploads\/2020\/07\/Portadas-blog-paredes-ilustralba.jpg","contentUrl":"https:\/\/www.paredes.es\/subeteporlasparedes\/wp-content\/uploads\/2020\/07\/Portadas-blog-paredes-ilustralba.jpg","width":1423,"height":898},{"@type":"BreadcrumbList","@id":"https:\/\/www.paredes.es\/subeteporlasparedes\/paredes-con-la-ilustracion-espanola\/#breadcrumb","itemListElement":[{"@type":"ListItem","position":1,"name":"Portada","item":"https:\/\/www.paredes.es\/subeteporlasparedes\/"},{"@type":"ListItem","position":2,"name":"Paredes con la Ilustraci\u00f3n espa\u00f1ola: Conoce a Alba S\u00e1enz"}]},{"@type":"WebSite","@id":"https:\/\/www.paredes.es\/subeteporlasparedes\/#website","url":"https:\/\/www.paredes.es\/subeteporlasparedes\/","name":"S\u00fabete por las paredes","description":"","publisher":{"@id":"https:\/\/www.paredes.es\/subeteporlasparedes\/#organization"},"potentialAction":[{"@type":"SearchAction","target":{"@type":"EntryPoint","urlTemplate":"https:\/\/www.paredes.es\/subeteporlasparedes\/?s={search_term_string}"},"query-input":{"@type":"PropertyValueSpecification","valueRequired":true,"valueName":"search_term_string"}}],"inLanguage":"es"},{"@type":"Organization","@id":"https:\/\/www.paredes.es\/subeteporlasparedes\/#organization","name":"S\u00fabete por las paredes","url":"https:\/\/www.paredes.es\/subeteporlasparedes\/","logo":{"@type":"ImageObject","inLanguage":"es","@id":"https:\/\/www.paredes.es\/subeteporlasparedes\/#\/schema\/logo\/image\/","url":"https:\/\/www.paredes.es\/subeteporlasparedes\/wp-content\/uploads\/2022\/11\/logo-white.png","contentUrl":"https:\/\/www.paredes.es\/subeteporlasparedes\/wp-content\/uploads\/2022\/11\/logo-white.png","width":240,"height":47,"caption":"S\u00fabete por las paredes"},"image":{"@id":"https:\/\/www.paredes.es\/subeteporlasparedes\/#\/schema\/logo\/image\/"}},{"@type":"Person","@id":"https:\/\/www.paredes.es\/subeteporlasparedes\/#\/schema\/person\/9ced194fcb4ec60a2791bf729f69b60f","name":"Paredes","image":{"@type":"ImageObject","inLanguage":"es","@id":"https:\/\/secure.gravatar.com\/avatar\/b15c86dd1a91a9cca959665d42ed14660be030f65db42570f77e48bc5d3d15ec?s=96&d=mm&r=g","url":"https:\/\/secure.gravatar.com\/avatar\/b15c86dd1a91a9cca959665d42ed14660be030f65db42570f77e48bc5d3d15ec?s=96&d=mm&r=g","contentUrl":"https:\/\/secure.gravatar.com\/avatar\/b15c86dd1a91a9cca959665d42ed14660be030f65db42570f77e48bc5d3d15ec?s=96&d=mm&r=g","caption":"Paredes"},"url":"https:\/\/www.paredes.es\/subeteporlasparedes\/author\/paredes-2\/"}]}},"jetpack_featured_media_url":"https:\/\/www.paredes.es\/subeteporlasparedes\/wp-content\/uploads\/2020\/07\/Portadas-blog-paredes-ilustralba.jpg","_links":{"self":[{"href":"https:\/\/www.paredes.es\/subeteporlasparedes\/wp-json\/wp\/v2\/posts\/4327","targetHints":{"allow":["GET"]}}],"collection":[{"href":"https:\/\/www.paredes.es\/subeteporlasparedes\/wp-json\/wp\/v2\/posts"}],"about":[{"href":"https:\/\/www.paredes.es\/subeteporlasparedes\/wp-json\/wp\/v2\/types\/post"}],"author":[{"embeddable":true,"href":"https:\/\/www.paredes.es\/subeteporlasparedes\/wp-json\/wp\/v2\/users\/1"}],"replies":[{"embeddable":true,"href":"https:\/\/www.paredes.es\/subeteporlasparedes\/wp-json\/wp\/v2\/comments?post=4327"}],"version-history":[{"count":18,"href":"https:\/\/www.paredes.es\/subeteporlasparedes\/wp-json\/wp\/v2\/posts\/4327\/revisions"}],"predecessor-version":[{"id":15535,"href":"https:\/\/www.paredes.es\/subeteporlasparedes\/wp-json\/wp\/v2\/posts\/4327\/revisions\/15535"}],"wp:featuredmedia":[{"embeddable":true,"href":"https:\/\/www.paredes.es\/subeteporlasparedes\/wp-json\/wp\/v2\/media\/6604"}],"wp:attachment":[{"href":"https:\/\/www.paredes.es\/subeteporlasparedes\/wp-json\/wp\/v2\/media?parent=4327"}],"wp:term":[{"taxonomy":"category","embeddable":true,"href":"https:\/\/www.paredes.es\/subeteporlasparedes\/wp-json\/wp\/v2\/categories?post=4327"},{"taxonomy":"post_tag","embeddable":true,"href":"https:\/\/www.paredes.es\/subeteporlasparedes\/wp-json\/wp\/v2\/tags?post=4327"}],"curies":[{"name":"wp","href":"https:\/\/api.w.org\/{rel}","templated":true}]}}