{"id":4331,"date":"2019-04-05T12:20:58","date_gmt":"2019-04-05T12:20:58","guid":{"rendered":"https:\/\/www.paredes.es\/subeteporlasparedes\/?p=4331"},"modified":"2025-05-28T12:23:18","modified_gmt":"2025-05-28T10:23:18","slug":"paredes-viaja-con-365-sabados-viajando","status":"publish","type":"post","link":"https:\/\/www.paredes.es\/subeteporlasparedes\/paredes-viaja-con-365-sabados-viajando\/","title":{"rendered":"Paredes viaja con 365 s\u00e1bados viajando"},"content":{"rendered":"<div><\/div>\n<div>\n<h2><\/h2>\n<h2><strong>Viajar<\/strong> se ha convertido en uno <strong>de los objetivos m\u00e1s importantes<\/strong> en la sociedad actual.<\/h2>\n<p>Ya hay <a href=\"https:\/\/www.reporteindigo.com\/piensa\/los-millennials-prefieren-viajar-casarse-tener-hijos\/\" target=\"_blank\" rel=\"noopener noreferrer\">estudios<\/a>\u00a0que afirman que los j\u00f3venes entre 18 y 34 a\u00f1os <strong>prefieren invertir en viajar antes que en casarse<\/strong>.\u00a0 Conocer nuevas culturas, as\u00ed como gastronom\u00eda, lugares de ensue\u00f1o&#8230; Es una de las preferencias de estas nuevas generaciones. Por ello, son capaces de invertir sus ahorros en viajar que en planes de futuro a largo plazo.\u00a0Que se lo digan a <em>Virginia y Fran<\/em> de<strong> 365 S\u00e1bados Viajando.<\/strong><\/p>\n<p style=\"text-align: center;\"><!--more--><\/p>\n<p><a href=\"https:\/\/www.paredes.es\/es\/catalogo\/producto\/802\/cs19247\/batea-azul\/\" target=\"_blank\" rel=\"noopener noreferrer\"><img fetchpriority=\"high\" decoding=\"async\" class=\"aligncenter wp-image-4338 size-full\" src=\"https:\/\/www.paredes.es\/subeteporlasparedes\/wp-content\/uploads\/2019\/04\/365-sabados-viajando-zapatillas-paredes-6.jpg\" alt=\"Paredes viaja con 365 s\u00e1bados viajando\" width=\"1200\" height=\"1366\" srcset=\"https:\/\/www.paredes.es\/subeteporlasparedes\/wp-content\/uploads\/2019\/04\/365-sabados-viajando-zapatillas-paredes-6.jpg 1200w, https:\/\/www.paredes.es\/subeteporlasparedes\/wp-content\/uploads\/2019\/04\/365-sabados-viajando-zapatillas-paredes-6-132x150.jpg 132w, https:\/\/www.paredes.es\/subeteporlasparedes\/wp-content\/uploads\/2019\/04\/365-sabados-viajando-zapatillas-paredes-6-768x874.jpg 768w, https:\/\/www.paredes.es\/subeteporlasparedes\/wp-content\/uploads\/2019\/04\/365-sabados-viajando-zapatillas-paredes-6-439x500.jpg 439w\" sizes=\"(max-width: 1200px) 100vw, 1200px\" \/><\/a><\/p>\n<h2>\u00bfTe imaginas viajar y vivir de ello durante 365 d\u00edas al a\u00f1o?<\/h2>\n<p>Virginia y Fran son una pareja catalana que decidi\u00f3 dar el salto, cambiar su estilo de vida y apostar por un <strong>nuevo modelo de negocio que les enriqueciera a todos los niveles.<\/strong><\/p>\n<p>En <strong>2013<\/strong> decidieron crear el proyecto de <a href=\"https:\/\/www.365sabadosviajando.com\/\" target=\"_blank\" rel=\"noopener noreferrer\"><strong>365 S\u00e1bados Viajando<\/strong><\/a>. Empezaban un sue\u00f1o, viajar durante un a\u00f1o por el mundo <strong>solo con un billete de ida<\/strong>, sin trabajos ni preocupaciones, sin pasado ni futuro, tan s\u00f3lo decidieron centrarse en el presente.<\/p>\n<p><a href=\"https:\/\/www.paredes.es\/es\/catalogo\/producto\/826\/cs19286\/lilit-negro-rosa\/\" target=\"_blank\" rel=\"noopener noreferrer\"><img decoding=\"async\" class=\"aligncenter wp-image-4340 size-full\" src=\"https:\/\/www.paredes.es\/subeteporlasparedes\/wp-content\/uploads\/2019\/04\/365-sabados-viajando-zapatillas-paredes-8.jpg\" alt=\"Paredes viaja con 365 s\u00e1bados viajando\" width=\"1200\" height=\"1600\" srcset=\"https:\/\/www.paredes.es\/subeteporlasparedes\/wp-content\/uploads\/2019\/04\/365-sabados-viajando-zapatillas-paredes-8.jpg 1200w, https:\/\/www.paredes.es\/subeteporlasparedes\/wp-content\/uploads\/2019\/04\/365-sabados-viajando-zapatillas-paredes-8-113x150.jpg 113w, https:\/\/www.paredes.es\/subeteporlasparedes\/wp-content\/uploads\/2019\/04\/365-sabados-viajando-zapatillas-paredes-8-768x1024.jpg 768w, https:\/\/www.paredes.es\/subeteporlasparedes\/wp-content\/uploads\/2019\/04\/365-sabados-viajando-zapatillas-paredes-8-375x500.jpg 375w\" sizes=\"(max-width: 1200px) 100vw, 1200px\" \/><\/a><\/p>\n<p>As\u00ed vio la luz el proyecto de <strong>365 S\u00e1bados Viajando<\/strong>, con esa primera experiencia. Optaron por llamarlo<em> 365 s\u00e1bados<\/em>, porque la sensaci\u00f3n que consiguieron fue la de los s\u00e1bados. <strong>Sintieron libertad, alegr\u00eda de vivir y las obligaciones diarias se sustituyeron por aventura y viaje<\/strong>, toda una experiencia sab\u00e1tica que cambi\u00f3 el rumbo de sus vidas.<\/p>\n<p><em>\u201cNuestro objetivo era dejar constancia de nuestros sentimientos, sensaciones, impresiones y capturas con ojos y coraz\u00f3n de todo lo que nos ocurriera durante ese intenso y maravilloso periodo.\u201d\u00a0<\/em><\/p>\n<p>Una vez pasado el a\u00f1o regresaron, pero sintieron el impulso de viajar de nuevo, por lo que<strong> crearon el <a href=\"https:\/\/www.365sabadosviajando.com\/preparamos-tu-viaje\/\" target=\"_blank\" rel=\"noopener noreferrer\">Blog<\/a> y su perfil de <a href=\"https:\/\/www.instagram.com\/365sabadosviajando\/\" target=\"_blank\" rel=\"noopener noreferrer\">Instagram<\/a><\/strong>. Poco a poco sus redes fueron evolucionando en el tiempo siendo sus mejores herramientas para compartir todo lo vivido y trasladar esa experiencia y recomendaciones a futuros viajeros.<\/p>\n<p><a href=\"https:\/\/www.paredes.es\/es\/catalogo\/producto\/826\/cs19286\/lilit-negro-rosa\/\" target=\"_blank\" rel=\"noopener noreferrer\"><img decoding=\"async\" class=\"aligncenter wp-image-4339 size-full\" src=\"https:\/\/www.paredes.es\/subeteporlasparedes\/wp-content\/uploads\/2019\/04\/365-sabados-viajando-zapatillas-paredes-7.jpg\" alt=\"Paredes viaja con 365 s\u00e1bados viajando\" width=\"1200\" height=\"1486\" srcset=\"https:\/\/www.paredes.es\/subeteporlasparedes\/wp-content\/uploads\/2019\/04\/365-sabados-viajando-zapatillas-paredes-7.jpg 1200w, https:\/\/www.paredes.es\/subeteporlasparedes\/wp-content\/uploads\/2019\/04\/365-sabados-viajando-zapatillas-paredes-7-121x150.jpg 121w, https:\/\/www.paredes.es\/subeteporlasparedes\/wp-content\/uploads\/2019\/04\/365-sabados-viajando-zapatillas-paredes-7-768x951.jpg 768w, https:\/\/www.paredes.es\/subeteporlasparedes\/wp-content\/uploads\/2019\/04\/365-sabados-viajando-zapatillas-paredes-7-404x500.jpg 404w\" sizes=\"(max-width: 1200px) 100vw, 1200px\" \/><\/a><\/p>\n<p><em>\u201cCombinamos ambas formas de contar nuestros viajes. <strong>Con el Blog somos m\u00e1s informativos, pr\u00e1cticos y queremos ayudar a todos aquellos que sientan la necesidad de viajar<\/strong> tan adentro como nosotros. <strong>Con Instagram queremos inspirar algo m\u00e1s a trav\u00e9s de los ojos para llegar a querer volar con la imaginaci\u00f3n<\/strong> y tambi\u00e9n, conocer nuevos lugares y rincones del mundo.\u201d<\/em><\/p>\n<p>A d\u00eda de hoy se dedican a orientar a viajeros, transmitir recomendaciones y organizar planes de viaje. Trabajan como consultores, ayudan a los viajeros a preparar el viaje y a recopilar todo lo que se necesita para iniciar un viaje por libre, sin recurrir a grupos o a viajes guiados.<\/p>\n<p><a href=\"https:\/\/www.paredes.es\/es\/catalogo\/producto\/826\/cs19286\/lilit-negro-rosa\/\" target=\"_blank\" rel=\"noopener noreferrer\"><img loading=\"lazy\" decoding=\"async\" class=\"aligncenter wp-image-4337 size-full\" src=\"https:\/\/www.paredes.es\/subeteporlasparedes\/wp-content\/uploads\/2019\/04\/365-sabados-viajando-zapatillas-paredes-5.jpg\" alt=\"Paredes viaja con 365 s\u00e1bados viajando\" width=\"1200\" height=\"1595\" srcset=\"https:\/\/www.paredes.es\/subeteporlasparedes\/wp-content\/uploads\/2019\/04\/365-sabados-viajando-zapatillas-paredes-5.jpg 1200w, https:\/\/www.paredes.es\/subeteporlasparedes\/wp-content\/uploads\/2019\/04\/365-sabados-viajando-zapatillas-paredes-5-113x150.jpg 113w, https:\/\/www.paredes.es\/subeteporlasparedes\/wp-content\/uploads\/2019\/04\/365-sabados-viajando-zapatillas-paredes-5-768x1021.jpg 768w, https:\/\/www.paredes.es\/subeteporlasparedes\/wp-content\/uploads\/2019\/04\/365-sabados-viajando-zapatillas-paredes-5-376x500.jpg 376w\" sizes=\"(max-width: 1200px) 100vw, 1200px\" \/><\/a><\/p>\n<p>Nuestras <strong>zapatillas Lilit<\/strong> (mujer) y <strong>Batea<\/strong> (hombre), han acompa\u00f1ado a Virginia y Fran a Ginebra, un lugar de cuento donde han podido disfrutar de los paisajes, de la gastronom\u00eda y de la historia de esta ciudad de leyenda.<\/p>\n<p><strong>\u00bfTe ha entrado el gusanillo de viajar?<\/strong> Te dejamos m\u00e1s info <strong>365 S\u00e1bados Viajando<\/strong> para que te inspires y empapes con sus viajes, as\u00ed como de toda la ayuda que pueden ofrecerte:<\/p>\n<h2 style=\"text-align: center;\"><strong><a href=\"https:\/\/www.365sabadosviajando.com\/\" target=\"_blank\" rel=\"noopener noreferrer\">BLOG<\/a> | <a href=\"https:\/\/www.instagram.com\/365sabadosviajando\/\" target=\"_blank\" rel=\"noopener noreferrer\">INSTAGRAM<\/a> | <a href=\"https:\/\/www.youtube.com\/channel\/UCCzHifxhe8kLNN6puIQE1iQ\" target=\"_blank\" rel=\"noopener noreferrer\">YOUTUBE<\/a> | <a href=\"https:\/\/www.facebook.com\/365sabadosviajando\/\" target=\"_blank\" rel=\"noopener noreferrer\">FACEBOOK<\/a><\/strong><\/h2>\n<\/div>\n<p><!--more--><\/p>\n<p><!--more--><\/p>\n<p><!--more--><\/p>\n<p><!--more--><\/p>\n<p><!--more--><\/p>\n<p><!--more--><\/p>\n<p><!--more--><\/p>\n<div class=\"\"><\/div>\n","protected":false},"excerpt":{"rendered":"<p>Viajar se ha convertido en uno de los objetivos m\u00e1s importantes en la sociedad actual. Ya hay estudios\u00a0que afirman que los j\u00f3venes entre 18 y 34 a\u00f1os prefieren invertir en viajar antes que en casarse.\u00a0 Conocer nuevas culturas, as\u00ed como gastronom\u00eda, lugares de ensue\u00f1o&#8230; Es una de las preferencias de estas nuevas generaciones. Por ello, [&hellip;]<\/p>\n","protected":false},"author":1,"featured_media":4346,"comment_status":"open","ping_status":"open","sticky":false,"template":"","format":"standard","meta":{"sfsi_plus_gutenberg_text_before_share":"","sfsi_plus_gutenberg_show_text_before_share":"","sfsi_plus_gutenberg_icon_type":"","sfsi_plus_gutenberg_icon_alignemt":"","sfsi_plus_gutenburg_max_per_row":"","footnotes":""},"categories":[547,574,559,567,551,572],"tags":[226,434,435],"class_list":["post-4331","post","type-post","status-publish","format-standard","has-post-thumbnail","hentry","category-blog","category-colaboraciones","category-entrevistas","category-viaja-con-p","category-viaje","category-viajeros","tag-portada","tag-viajes","tag-zapatillas-viaje"],"yoast_head":"<!-- This site is optimized with the Yoast SEO plugin v27.7 - https:\/\/yoast.com\/product\/yoast-seo-wordpress\/ -->\n<title>Paredes viaja con 365 s\u00e1bados viajando | Blog Paredes<\/title>\n<meta name=\"description\" content=\"Viajar se ha convertido en uno de los objetivos m\u00e1s importantes en la sociedad actual.\u00a0Y nosotros queremos que viajes de la forma m\u00e1s c\u00f3moda posible!\" \/>\n<meta name=\"robots\" content=\"index, follow, max-snippet:-1, max-image-preview:large, max-video-preview:-1\" \/>\n<link rel=\"canonical\" href=\"https:\/\/www.paredes.es\/subeteporlasparedes\/paredes-viaja-con-365-sabados-viajando\/\" \/>\n<meta property=\"og:locale\" content=\"es_ES\" \/>\n<meta property=\"og:type\" content=\"article\" \/>\n<meta property=\"og:title\" content=\"Paredes viaja con 365 s\u00e1bados viajando | Blog Paredes\" \/>\n<meta property=\"og:description\" content=\"Viajar se ha convertido en uno de los objetivos m\u00e1s importantes en la sociedad actual.\u00a0Y nosotros queremos que viajes de la forma m\u00e1s c\u00f3moda posible!\" \/>\n<meta property=\"og:url\" content=\"https:\/\/www.paredes.es\/subeteporlasparedes\/paredes-viaja-con-365-sabados-viajando\/\" \/>\n<meta property=\"og:site_name\" content=\"S\u00fabete por las paredes\" \/>\n<meta property=\"article:published_time\" content=\"2019-04-05T12:20:58+00:00\" \/>\n<meta property=\"article:modified_time\" content=\"2025-05-28T10:23:18+00:00\" \/>\n<meta property=\"og:image\" content=\"https:\/\/www.paredes.es\/subeteporlasparedes\/wp-content\/uploads\/2019\/04\/paredes-portada-post-blog-365-sabados-viajando.jpg\" \/>\n\t<meta property=\"og:image:width\" content=\"1425\" \/>\n\t<meta property=\"og:image:height\" content=\"898\" \/>\n\t<meta property=\"og:image:type\" content=\"image\/jpeg\" \/>\n<meta name=\"author\" content=\"Paredes\" \/>\n<meta name=\"twitter:card\" content=\"summary_large_image\" \/>\n<meta name=\"twitter:label1\" content=\"Escrito por\" \/>\n\t<meta name=\"twitter:data1\" content=\"Paredes\" \/>\n\t<meta name=\"twitter:label2\" content=\"Tiempo de lectura\" \/>\n\t<meta name=\"twitter:data2\" content=\"3 minutos\" \/>\n<script type=\"application\/ld+json\" class=\"yoast-schema-graph\">{\"@context\":\"https:\\\/\\\/schema.org\",\"@graph\":[{\"@type\":\"Article\",\"@id\":\"https:\\\/\\\/www.paredes.es\\\/subeteporlasparedes\\\/paredes-viaja-con-365-sabados-viajando\\\/#article\",\"isPartOf\":{\"@id\":\"https:\\\/\\\/www.paredes.es\\\/subeteporlasparedes\\\/paredes-viaja-con-365-sabados-viajando\\\/\"},\"author\":{\"name\":\"Paredes\",\"@id\":\"https:\\\/\\\/www.paredes.es\\\/subeteporlasparedes\\\/#\\\/schema\\\/person\\\/9ced194fcb4ec60a2791bf729f69b60f\"},\"headline\":\"Paredes viaja con 365 s\u00e1bados viajando\",\"datePublished\":\"2019-04-05T12:20:58+00:00\",\"dateModified\":\"2025-05-28T10:23:18+00:00\",\"mainEntityOfPage\":{\"@id\":\"https:\\\/\\\/www.paredes.es\\\/subeteporlasparedes\\\/paredes-viaja-con-365-sabados-viajando\\\/\"},\"wordCount\":515,\"commentCount\":0,\"publisher\":{\"@id\":\"https:\\\/\\\/www.paredes.es\\\/subeteporlasparedes\\\/#organization\"},\"image\":{\"@id\":\"https:\\\/\\\/www.paredes.es\\\/subeteporlasparedes\\\/paredes-viaja-con-365-sabados-viajando\\\/#primaryimage\"},\"thumbnailUrl\":\"https:\\\/\\\/www.paredes.es\\\/subeteporlasparedes\\\/wp-content\\\/uploads\\\/2019\\\/04\\\/paredes-portada-post-blog-365-sabados-viajando.jpg\",\"keywords\":[\"portada\",\"viajes\",\"zapatillas viaje\"],\"articleSection\":[\"Blog\",\"Colaboraciones\",\"Entrevistas\",\"Viaja con P\",\"Viaje\",\"Viajeros\"],\"inLanguage\":\"es\",\"potentialAction\":[{\"@type\":\"CommentAction\",\"name\":\"Comment\",\"target\":[\"https:\\\/\\\/www.paredes.es\\\/subeteporlasparedes\\\/paredes-viaja-con-365-sabados-viajando\\\/#respond\"]}]},{\"@type\":\"WebPage\",\"@id\":\"https:\\\/\\\/www.paredes.es\\\/subeteporlasparedes\\\/paredes-viaja-con-365-sabados-viajando\\\/\",\"url\":\"https:\\\/\\\/www.paredes.es\\\/subeteporlasparedes\\\/paredes-viaja-con-365-sabados-viajando\\\/\",\"name\":\"Paredes viaja con 365 s\u00e1bados viajando | Blog Paredes\",\"isPartOf\":{\"@id\":\"https:\\\/\\\/www.paredes.es\\\/subeteporlasparedes\\\/#website\"},\"primaryImageOfPage\":{\"@id\":\"https:\\\/\\\/www.paredes.es\\\/subeteporlasparedes\\\/paredes-viaja-con-365-sabados-viajando\\\/#primaryimage\"},\"image\":{\"@id\":\"https:\\\/\\\/www.paredes.es\\\/subeteporlasparedes\\\/paredes-viaja-con-365-sabados-viajando\\\/#primaryimage\"},\"thumbnailUrl\":\"https:\\\/\\\/www.paredes.es\\\/subeteporlasparedes\\\/wp-content\\\/uploads\\\/2019\\\/04\\\/paredes-portada-post-blog-365-sabados-viajando.jpg\",\"datePublished\":\"2019-04-05T12:20:58+00:00\",\"dateModified\":\"2025-05-28T10:23:18+00:00\",\"description\":\"Viajar se ha convertido en uno de los objetivos m\u00e1s importantes en la sociedad actual.\u00a0Y nosotros queremos que viajes de la forma m\u00e1s c\u00f3moda posible!\",\"breadcrumb\":{\"@id\":\"https:\\\/\\\/www.paredes.es\\\/subeteporlasparedes\\\/paredes-viaja-con-365-sabados-viajando\\\/#breadcrumb\"},\"inLanguage\":\"es\",\"potentialAction\":[{\"@type\":\"ReadAction\",\"target\":[\"https:\\\/\\\/www.paredes.es\\\/subeteporlasparedes\\\/paredes-viaja-con-365-sabados-viajando\\\/\"]}]},{\"@type\":\"ImageObject\",\"inLanguage\":\"es\",\"@id\":\"https:\\\/\\\/www.paredes.es\\\/subeteporlasparedes\\\/paredes-viaja-con-365-sabados-viajando\\\/#primaryimage\",\"url\":\"https:\\\/\\\/www.paredes.es\\\/subeteporlasparedes\\\/wp-content\\\/uploads\\\/2019\\\/04\\\/paredes-portada-post-blog-365-sabados-viajando.jpg\",\"contentUrl\":\"https:\\\/\\\/www.paredes.es\\\/subeteporlasparedes\\\/wp-content\\\/uploads\\\/2019\\\/04\\\/paredes-portada-post-blog-365-sabados-viajando.jpg\",\"width\":1425,\"height\":898,\"caption\":\"Paredes viaja con 365 s\u00e1bados viajando\"},{\"@type\":\"BreadcrumbList\",\"@id\":\"https:\\\/\\\/www.paredes.es\\\/subeteporlasparedes\\\/paredes-viaja-con-365-sabados-viajando\\\/#breadcrumb\",\"itemListElement\":[{\"@type\":\"ListItem\",\"position\":1,\"name\":\"Portada\",\"item\":\"https:\\\/\\\/www.paredes.es\\\/subeteporlasparedes\\\/\"},{\"@type\":\"ListItem\",\"position\":2,\"name\":\"Paredes viaja con 365 s\u00e1bados viajando\"}]},{\"@type\":\"WebSite\",\"@id\":\"https:\\\/\\\/www.paredes.es\\\/subeteporlasparedes\\\/#website\",\"url\":\"https:\\\/\\\/www.paredes.es\\\/subeteporlasparedes\\\/\",\"name\":\"S\u00fabete por las paredes\",\"description\":\"\",\"publisher\":{\"@id\":\"https:\\\/\\\/www.paredes.es\\\/subeteporlasparedes\\\/#organization\"},\"potentialAction\":[{\"@type\":\"SearchAction\",\"target\":{\"@type\":\"EntryPoint\",\"urlTemplate\":\"https:\\\/\\\/www.paredes.es\\\/subeteporlasparedes\\\/?s={search_term_string}\"},\"query-input\":{\"@type\":\"PropertyValueSpecification\",\"valueRequired\":true,\"valueName\":\"search_term_string\"}}],\"inLanguage\":\"es\"},{\"@type\":\"Organization\",\"@id\":\"https:\\\/\\\/www.paredes.es\\\/subeteporlasparedes\\\/#organization\",\"name\":\"S\u00fabete por las paredes\",\"url\":\"https:\\\/\\\/www.paredes.es\\\/subeteporlasparedes\\\/\",\"logo\":{\"@type\":\"ImageObject\",\"inLanguage\":\"es\",\"@id\":\"https:\\\/\\\/www.paredes.es\\\/subeteporlasparedes\\\/#\\\/schema\\\/logo\\\/image\\\/\",\"url\":\"https:\\\/\\\/www.paredes.es\\\/subeteporlasparedes\\\/wp-content\\\/uploads\\\/2022\\\/11\\\/logo-white.png\",\"contentUrl\":\"https:\\\/\\\/www.paredes.es\\\/subeteporlasparedes\\\/wp-content\\\/uploads\\\/2022\\\/11\\\/logo-white.png\",\"width\":240,\"height\":47,\"caption\":\"S\u00fabete por las paredes\"},\"image\":{\"@id\":\"https:\\\/\\\/www.paredes.es\\\/subeteporlasparedes\\\/#\\\/schema\\\/logo\\\/image\\\/\"}},{\"@type\":\"Person\",\"@id\":\"https:\\\/\\\/www.paredes.es\\\/subeteporlasparedes\\\/#\\\/schema\\\/person\\\/9ced194fcb4ec60a2791bf729f69b60f\",\"name\":\"Paredes\",\"image\":{\"@type\":\"ImageObject\",\"inLanguage\":\"es\",\"@id\":\"https:\\\/\\\/secure.gravatar.com\\\/avatar\\\/b15c86dd1a91a9cca959665d42ed14660be030f65db42570f77e48bc5d3d15ec?s=96&d=mm&r=g\",\"url\":\"https:\\\/\\\/secure.gravatar.com\\\/avatar\\\/b15c86dd1a91a9cca959665d42ed14660be030f65db42570f77e48bc5d3d15ec?s=96&d=mm&r=g\",\"contentUrl\":\"https:\\\/\\\/secure.gravatar.com\\\/avatar\\\/b15c86dd1a91a9cca959665d42ed14660be030f65db42570f77e48bc5d3d15ec?s=96&d=mm&r=g\",\"caption\":\"Paredes\"},\"url\":\"https:\\\/\\\/www.paredes.es\\\/subeteporlasparedes\\\/author\\\/paredes-2\\\/\"}]}<\/script>\n<!-- \/ Yoast SEO plugin. -->","yoast_head_json":{"title":"Paredes viaja con 365 s\u00e1bados viajando | Blog Paredes","description":"Viajar se ha convertido en uno de los objetivos m\u00e1s importantes en la sociedad actual.\u00a0Y nosotros queremos que viajes de la forma m\u00e1s c\u00f3moda posible!","robots":{"index":"index","follow":"follow","max-snippet":"max-snippet:-1","max-image-preview":"max-image-preview:large","max-video-preview":"max-video-preview:-1"},"canonical":"https:\/\/www.paredes.es\/subeteporlasparedes\/paredes-viaja-con-365-sabados-viajando\/","og_locale":"es_ES","og_type":"article","og_title":"Paredes viaja con 365 s\u00e1bados viajando | Blog Paredes","og_description":"Viajar se ha convertido en uno de los objetivos m\u00e1s importantes en la sociedad actual.\u00a0Y nosotros queremos que viajes de la forma m\u00e1s c\u00f3moda posible!","og_url":"https:\/\/www.paredes.es\/subeteporlasparedes\/paredes-viaja-con-365-sabados-viajando\/","og_site_name":"S\u00fabete por las paredes","article_published_time":"2019-04-05T12:20:58+00:00","article_modified_time":"2025-05-28T10:23:18+00:00","og_image":[{"width":1425,"height":898,"url":"https:\/\/www.paredes.es\/subeteporlasparedes\/wp-content\/uploads\/2019\/04\/paredes-portada-post-blog-365-sabados-viajando.jpg","type":"image\/jpeg"}],"author":"Paredes","twitter_card":"summary_large_image","twitter_misc":{"Escrito por":"Paredes","Tiempo de lectura":"3 minutos"},"schema":{"@context":"https:\/\/schema.org","@graph":[{"@type":"Article","@id":"https:\/\/www.paredes.es\/subeteporlasparedes\/paredes-viaja-con-365-sabados-viajando\/#article","isPartOf":{"@id":"https:\/\/www.paredes.es\/subeteporlasparedes\/paredes-viaja-con-365-sabados-viajando\/"},"author":{"name":"Paredes","@id":"https:\/\/www.paredes.es\/subeteporlasparedes\/#\/schema\/person\/9ced194fcb4ec60a2791bf729f69b60f"},"headline":"Paredes viaja con 365 s\u00e1bados viajando","datePublished":"2019-04-05T12:20:58+00:00","dateModified":"2025-05-28T10:23:18+00:00","mainEntityOfPage":{"@id":"https:\/\/www.paredes.es\/subeteporlasparedes\/paredes-viaja-con-365-sabados-viajando\/"},"wordCount":515,"commentCount":0,"publisher":{"@id":"https:\/\/www.paredes.es\/subeteporlasparedes\/#organization"},"image":{"@id":"https:\/\/www.paredes.es\/subeteporlasparedes\/paredes-viaja-con-365-sabados-viajando\/#primaryimage"},"thumbnailUrl":"https:\/\/www.paredes.es\/subeteporlasparedes\/wp-content\/uploads\/2019\/04\/paredes-portada-post-blog-365-sabados-viajando.jpg","keywords":["portada","viajes","zapatillas viaje"],"articleSection":["Blog","Colaboraciones","Entrevistas","Viaja con P","Viaje","Viajeros"],"inLanguage":"es","potentialAction":[{"@type":"CommentAction","name":"Comment","target":["https:\/\/www.paredes.es\/subeteporlasparedes\/paredes-viaja-con-365-sabados-viajando\/#respond"]}]},{"@type":"WebPage","@id":"https:\/\/www.paredes.es\/subeteporlasparedes\/paredes-viaja-con-365-sabados-viajando\/","url":"https:\/\/www.paredes.es\/subeteporlasparedes\/paredes-viaja-con-365-sabados-viajando\/","name":"Paredes viaja con 365 s\u00e1bados viajando | Blog Paredes","isPartOf":{"@id":"https:\/\/www.paredes.es\/subeteporlasparedes\/#website"},"primaryImageOfPage":{"@id":"https:\/\/www.paredes.es\/subeteporlasparedes\/paredes-viaja-con-365-sabados-viajando\/#primaryimage"},"image":{"@id":"https:\/\/www.paredes.es\/subeteporlasparedes\/paredes-viaja-con-365-sabados-viajando\/#primaryimage"},"thumbnailUrl":"https:\/\/www.paredes.es\/subeteporlasparedes\/wp-content\/uploads\/2019\/04\/paredes-portada-post-blog-365-sabados-viajando.jpg","datePublished":"2019-04-05T12:20:58+00:00","dateModified":"2025-05-28T10:23:18+00:00","description":"Viajar se ha convertido en uno de los objetivos m\u00e1s importantes en la sociedad actual.\u00a0Y nosotros queremos que viajes de la forma m\u00e1s c\u00f3moda posible!","breadcrumb":{"@id":"https:\/\/www.paredes.es\/subeteporlasparedes\/paredes-viaja-con-365-sabados-viajando\/#breadcrumb"},"inLanguage":"es","potentialAction":[{"@type":"ReadAction","target":["https:\/\/www.paredes.es\/subeteporlasparedes\/paredes-viaja-con-365-sabados-viajando\/"]}]},{"@type":"ImageObject","inLanguage":"es","@id":"https:\/\/www.paredes.es\/subeteporlasparedes\/paredes-viaja-con-365-sabados-viajando\/#primaryimage","url":"https:\/\/www.paredes.es\/subeteporlasparedes\/wp-content\/uploads\/2019\/04\/paredes-portada-post-blog-365-sabados-viajando.jpg","contentUrl":"https:\/\/www.paredes.es\/subeteporlasparedes\/wp-content\/uploads\/2019\/04\/paredes-portada-post-blog-365-sabados-viajando.jpg","width":1425,"height":898,"caption":"Paredes viaja con 365 s\u00e1bados viajando"},{"@type":"BreadcrumbList","@id":"https:\/\/www.paredes.es\/subeteporlasparedes\/paredes-viaja-con-365-sabados-viajando\/#breadcrumb","itemListElement":[{"@type":"ListItem","position":1,"name":"Portada","item":"https:\/\/www.paredes.es\/subeteporlasparedes\/"},{"@type":"ListItem","position":2,"name":"Paredes viaja con 365 s\u00e1bados viajando"}]},{"@type":"WebSite","@id":"https:\/\/www.paredes.es\/subeteporlasparedes\/#website","url":"https:\/\/www.paredes.es\/subeteporlasparedes\/","name":"S\u00fabete por las paredes","description":"","publisher":{"@id":"https:\/\/www.paredes.es\/subeteporlasparedes\/#organization"},"potentialAction":[{"@type":"SearchAction","target":{"@type":"EntryPoint","urlTemplate":"https:\/\/www.paredes.es\/subeteporlasparedes\/?s={search_term_string}"},"query-input":{"@type":"PropertyValueSpecification","valueRequired":true,"valueName":"search_term_string"}}],"inLanguage":"es"},{"@type":"Organization","@id":"https:\/\/www.paredes.es\/subeteporlasparedes\/#organization","name":"S\u00fabete por las paredes","url":"https:\/\/www.paredes.es\/subeteporlasparedes\/","logo":{"@type":"ImageObject","inLanguage":"es","@id":"https:\/\/www.paredes.es\/subeteporlasparedes\/#\/schema\/logo\/image\/","url":"https:\/\/www.paredes.es\/subeteporlasparedes\/wp-content\/uploads\/2022\/11\/logo-white.png","contentUrl":"https:\/\/www.paredes.es\/subeteporlasparedes\/wp-content\/uploads\/2022\/11\/logo-white.png","width":240,"height":47,"caption":"S\u00fabete por las paredes"},"image":{"@id":"https:\/\/www.paredes.es\/subeteporlasparedes\/#\/schema\/logo\/image\/"}},{"@type":"Person","@id":"https:\/\/www.paredes.es\/subeteporlasparedes\/#\/schema\/person\/9ced194fcb4ec60a2791bf729f69b60f","name":"Paredes","image":{"@type":"ImageObject","inLanguage":"es","@id":"https:\/\/secure.gravatar.com\/avatar\/b15c86dd1a91a9cca959665d42ed14660be030f65db42570f77e48bc5d3d15ec?s=96&d=mm&r=g","url":"https:\/\/secure.gravatar.com\/avatar\/b15c86dd1a91a9cca959665d42ed14660be030f65db42570f77e48bc5d3d15ec?s=96&d=mm&r=g","contentUrl":"https:\/\/secure.gravatar.com\/avatar\/b15c86dd1a91a9cca959665d42ed14660be030f65db42570f77e48bc5d3d15ec?s=96&d=mm&r=g","caption":"Paredes"},"url":"https:\/\/www.paredes.es\/subeteporlasparedes\/author\/paredes-2\/"}]}},"jetpack_featured_media_url":"https:\/\/www.paredes.es\/subeteporlasparedes\/wp-content\/uploads\/2019\/04\/paredes-portada-post-blog-365-sabados-viajando.jpg","_links":{"self":[{"href":"https:\/\/www.paredes.es\/subeteporlasparedes\/wp-json\/wp\/v2\/posts\/4331","targetHints":{"allow":["GET"]}}],"collection":[{"href":"https:\/\/www.paredes.es\/subeteporlasparedes\/wp-json\/wp\/v2\/posts"}],"about":[{"href":"https:\/\/www.paredes.es\/subeteporlasparedes\/wp-json\/wp\/v2\/types\/post"}],"author":[{"embeddable":true,"href":"https:\/\/www.paredes.es\/subeteporlasparedes\/wp-json\/wp\/v2\/users\/1"}],"replies":[{"embeddable":true,"href":"https:\/\/www.paredes.es\/subeteporlasparedes\/wp-json\/wp\/v2\/comments?post=4331"}],"version-history":[{"count":16,"href":"https:\/\/www.paredes.es\/subeteporlasparedes\/wp-json\/wp\/v2\/posts\/4331\/revisions"}],"predecessor-version":[{"id":15485,"href":"https:\/\/www.paredes.es\/subeteporlasparedes\/wp-json\/wp\/v2\/posts\/4331\/revisions\/15485"}],"wp:featuredmedia":[{"embeddable":true,"href":"https:\/\/www.paredes.es\/subeteporlasparedes\/wp-json\/wp\/v2\/media\/4346"}],"wp:attachment":[{"href":"https:\/\/www.paredes.es\/subeteporlasparedes\/wp-json\/wp\/v2\/media?parent=4331"}],"wp:term":[{"taxonomy":"category","embeddable":true,"href":"https:\/\/www.paredes.es\/subeteporlasparedes\/wp-json\/wp\/v2\/categories?post=4331"},{"taxonomy":"post_tag","embeddable":true,"href":"https:\/\/www.paredes.es\/subeteporlasparedes\/wp-json\/wp\/v2\/tags?post=4331"}],"curies":[{"name":"wp","href":"https:\/\/api.w.org\/{rel}","templated":true}]}}