{"id":8406,"date":"2021-10-11T09:47:31","date_gmt":"2021-10-11T09:47:31","guid":{"rendered":"https:\/\/www.paredes.es\/subeteporlasparedes\/?p=8406"},"modified":"2021-10-11T11:19:55","modified_gmt":"2021-10-11T11:19:55","slug":"descubriendo-nuevos-caminos-con-igna-ferriol-hanna","status":"publish","type":"post","link":"https:\/\/www.paredes.es\/subeteporlasparedes\/descubriendo-nuevos-caminos-con-igna-ferriol-hanna\/","title":{"rendered":"Descubriendo nuevos caminos con Igna Ferriol &#038; Hanna"},"content":{"rendered":"\n<h2 class=\"wp-block-heading\">Lo tenemos claro, ir por el mundo descubriendo nuevos caminos nos va, as\u00ed que nos hemos ido con el fot\u00f3grafo Igna Ferriol y Hanna, su Border Collie a dar un buen paseo y esta es su experiencia.<\/h2>\n\n\n\n<!--more-->\n\n\n\n<p>Vamos a invitarte a que dejes de hacer lo que est\u00e1s haciendo y te vengas con nosotros mientras lees estas l\u00edneas a descubrir nuevos caminos y lugares de ensue\u00f1o. Nuestro gu\u00eda ser\u00e1 <a href=\"https:\/\/www.instagram.com\/igna.ferriol\/\" target=\"_blank\" rel=\"noreferrer noopener\"><strong>Igna Ferriol<\/strong><\/a>, un fot\u00f3grafo canario que desde hace un tiempo cambi\u00f3 su trabajo convencional por otro totalmente diferente, que lo ha llevado a la realizaci\u00f3n plena. Su inseparable pareja es <em><strong>Hanna<\/strong><\/em>, un <em>Border Collie<\/em> muy simp\u00e1tica que lo acompa\u00f1a a todas partes.<\/p>\n\n\n\n<p>Igna nos cuenta en la siguiente entrevista c\u00f3mo <strong>se plantea el viaje con su compa\u00f1era canina<\/strong>, c\u00f3mo lo dej\u00f3 todo por una vida m\u00e1s plena y cu\u00e1les son sus pr\u00f3ximos destinos. Qu\u00e9date y conoce su historia, seguro que te inspira, sobre todo si eres de los que ama la compa\u00f1\u00eda perruna y va a todas partes con su perro.<\/p>\n\n\n\n<figure class=\"wp-block-gallery aligncenter columns-1 is-cropped wp-block-gallery-1 is-layout-flex wp-block-gallery-is-layout-flex\"><ul class=\"blocks-gallery-grid\"><li class=\"blocks-gallery-item\"><figure><img fetchpriority=\"high\" decoding=\"async\" width=\"1500\" height=\"2247\" src=\"https:\/\/www.paredes.es\/subeteporlasparedes\/wp-content\/uploads\/2021\/10\/Igna-Ferriol-Paredes-descubriendo-con-paredes-2.jpg\" alt=\"Igna Ferriol descubriendo con Paredes\" data-id=\"8419\" data-full-url=\"https:\/\/www.paredes.es\/subeteporlasparedes\/wp-content\/uploads\/2021\/10\/Igna-Ferriol-Paredes-descubriendo-con-paredes-2.jpg\" data-link=\"https:\/\/www.paredes.es\/subeteporlasparedes\/?attachment_id=8419\" class=\"wp-image-8419\" srcset=\"https:\/\/www.paredes.es\/subeteporlasparedes\/wp-content\/uploads\/2021\/10\/Igna-Ferriol-Paredes-descubriendo-con-paredes-2.jpg 1500w, https:\/\/www.paredes.es\/subeteporlasparedes\/wp-content\/uploads\/2021\/10\/Igna-Ferriol-Paredes-descubriendo-con-paredes-2-100x150.jpg 100w, https:\/\/www.paredes.es\/subeteporlasparedes\/wp-content\/uploads\/2021\/10\/Igna-Ferriol-Paredes-descubriendo-con-paredes-2-334x500.jpg 334w, https:\/\/www.paredes.es\/subeteporlasparedes\/wp-content\/uploads\/2021\/10\/Igna-Ferriol-Paredes-descubriendo-con-paredes-2-768x1150.jpg 768w, https:\/\/www.paredes.es\/subeteporlasparedes\/wp-content\/uploads\/2021\/10\/Igna-Ferriol-Paredes-descubriendo-con-paredes-2-1025x1536.jpg 1025w, https:\/\/www.paredes.es\/subeteporlasparedes\/wp-content\/uploads\/2021\/10\/Igna-Ferriol-Paredes-descubriendo-con-paredes-2-1367x2048.jpg 1367w, https:\/\/www.paredes.es\/subeteporlasparedes\/wp-content\/uploads\/2021\/10\/Igna-Ferriol-Paredes-descubriendo-con-paredes-2-1200x1798.jpg 1200w\" sizes=\"(max-width: 1500px) 100vw, 1500px\" \/><\/figure><\/li><\/ul><\/figure>\n\n\n\n<h3 class=\"wp-block-heading\"><meta charset=\"utf-8\">VIAJA Y DESCUBRE: ENTREVISTA A <a href=\"https:\/\/www.instagram.com\/igna.ferriol\/\" target=\"_blank\" rel=\"noreferrer noopener\">IGNA FERRIOL &amp; HANNA<\/a><\/h3>\n\n\n\n<ul class=\"wp-block-list\" type=\"1\"><li><strong>Cu\u00e9ntanos qu\u00e9 te motiv\u00f3 te llev\u00f3 a dedicarte a viajar con Hanna, \u00bfa qu\u00e9 te dedicabas antes?<\/strong><\/li><\/ul>\n\n\n\n<p><em>\u00abDesde que tengo a Hanna <strong>siempre hab\u00eda so\u00f1ando con poder descubrir el mundo con ella<\/strong>, es incre\u00edble poder compartir todas estas aventuras y lugares con mi compa\u00f1era de vida y verla disfrutar as\u00ed, no tiene precio.<\/em><\/p>\n\n\n\n<p><em>Trabajaba en un cine en Tenerife a media jornada mientras estudiaba unas oposiciones.<\/em>\u00ab<\/p>\n\n\n\n<ul class=\"wp-block-list\"><li><strong>\u00bfTe dedicas a la fotograf\u00eda y al mundo del viaje a tiempo completo?<\/strong><\/li><\/ul>\n\n\n\n<p><em>\u00abActualmente s\u00ed. Hemos tenido mucha suerte y <strong>a d\u00eda de hoy podemos vivir de lo que realmente nos gusta<\/strong>, la fotograf\u00eda y los viajes.\u00bb<\/em><\/p>\n\n\n\n<blockquote class=\"wp-block-quote has-text-align-center is-style-large is-layout-flow wp-block-quote-is-layout-flow\"><p>\u00abA d\u00eda de hoy podemos vivir de lo que nos gusta realmente\u00bb<\/p><cite>Igna Ferriol<\/cite><\/blockquote>\n\n\n\n<div class=\"wp-block-image\"><figure class=\"aligncenter size-full\"><a href=\"https:\/\/www.paredes.es\/es\/catalogo\/producto\/1074\/lm20191\/bota-de-montana-de-hombre-kosciu\/\" target=\"_blank\" rel=\"noopener\"><img decoding=\"async\" width=\"1500\" height=\"2247\" src=\"https:\/\/www.paredes.es\/subeteporlasparedes\/wp-content\/uploads\/2021\/10\/Igna-Ferriol-Paredes-descubriendo-con-paredes-5.jpg\" alt=\"Igna Ferriol descubriendo con Paredes\" class=\"wp-image-8422\" srcset=\"https:\/\/www.paredes.es\/subeteporlasparedes\/wp-content\/uploads\/2021\/10\/Igna-Ferriol-Paredes-descubriendo-con-paredes-5.jpg 1500w, https:\/\/www.paredes.es\/subeteporlasparedes\/wp-content\/uploads\/2021\/10\/Igna-Ferriol-Paredes-descubriendo-con-paredes-5-100x150.jpg 100w, https:\/\/www.paredes.es\/subeteporlasparedes\/wp-content\/uploads\/2021\/10\/Igna-Ferriol-Paredes-descubriendo-con-paredes-5-334x500.jpg 334w, https:\/\/www.paredes.es\/subeteporlasparedes\/wp-content\/uploads\/2021\/10\/Igna-Ferriol-Paredes-descubriendo-con-paredes-5-768x1150.jpg 768w, https:\/\/www.paredes.es\/subeteporlasparedes\/wp-content\/uploads\/2021\/10\/Igna-Ferriol-Paredes-descubriendo-con-paredes-5-1025x1536.jpg 1025w, https:\/\/www.paredes.es\/subeteporlasparedes\/wp-content\/uploads\/2021\/10\/Igna-Ferriol-Paredes-descubriendo-con-paredes-5-1367x2048.jpg 1367w, https:\/\/www.paredes.es\/subeteporlasparedes\/wp-content\/uploads\/2021\/10\/Igna-Ferriol-Paredes-descubriendo-con-paredes-5-1200x1798.jpg 1200w\" sizes=\"(max-width: 1500px) 100vw, 1500px\" \/><\/a><\/figure><\/div>\n\n\n\n<ul class=\"wp-block-list\"><li><strong>\u00bfSe te complica de alguna manera realizar tus rutas\/viajes con Hanna?<\/strong><\/li><\/ul>\n\n\n\n<p><em>\u00abSiempre que <strong>viajo con Hanna<\/strong> lo hago <strong>por carretera y en barco<\/strong>, nunca la meter\u00eda en un avi\u00f3n con las pol\u00edticas actuales de las aerol\u00edneas. Llevan m\u00e1s organizaci\u00f3n los viajes as\u00ed y tambi\u00e9n suelen ser m\u00e1s costosos pero merecen mucho la pena, <strong>es una forma de viajar incre\u00edble.<\/strong>\u00ab<\/em><\/p>\n\n\n\n<ul class=\"wp-block-list\"><li><strong>\u00bfHay alguna an\u00e9cdota tuya y de Hanna que te haya marcado?<\/strong><\/li><\/ul>\n\n\n\n<p>\u00ab<em>Tenemos much\u00edsimas an\u00e9cdotas y alg\u00fan susto tambi\u00e9n pero nos quedamos con la sensaci\u00f3n de pisar por primera vez Europa juntos y poder ver a Hanna disfrutando de un padro con las vistas a un atardecer lejos de casa, fue incre\u00edble.\u00bb<\/em><\/p>\n\n\n\n<div class=\"wp-block-image\"><figure class=\"aligncenter size-full\"><a href=\"https:\/\/www.paredes.es\/es\/catalogo\/producto\/1135\/ld21199\/deportivo-de-hombre-maru\/\" target=\"_blank\" rel=\"noopener\"><img decoding=\"async\" width=\"1500\" height=\"2250\" src=\"https:\/\/www.paredes.es\/subeteporlasparedes\/wp-content\/uploads\/2021\/10\/Igna-Ferriol-Paredes-descubriendo-con-paredes-4.jpg\" alt=\"Igna Ferriol descubriendo con Paredes\" class=\"wp-image-8421\" srcset=\"https:\/\/www.paredes.es\/subeteporlasparedes\/wp-content\/uploads\/2021\/10\/Igna-Ferriol-Paredes-descubriendo-con-paredes-4.jpg 1500w, https:\/\/www.paredes.es\/subeteporlasparedes\/wp-content\/uploads\/2021\/10\/Igna-Ferriol-Paredes-descubriendo-con-paredes-4-100x150.jpg 100w, https:\/\/www.paredes.es\/subeteporlasparedes\/wp-content\/uploads\/2021\/10\/Igna-Ferriol-Paredes-descubriendo-con-paredes-4-333x500.jpg 333w, https:\/\/www.paredes.es\/subeteporlasparedes\/wp-content\/uploads\/2021\/10\/Igna-Ferriol-Paredes-descubriendo-con-paredes-4-768x1152.jpg 768w, https:\/\/www.paredes.es\/subeteporlasparedes\/wp-content\/uploads\/2021\/10\/Igna-Ferriol-Paredes-descubriendo-con-paredes-4-1024x1536.jpg 1024w, https:\/\/www.paredes.es\/subeteporlasparedes\/wp-content\/uploads\/2021\/10\/Igna-Ferriol-Paredes-descubriendo-con-paredes-4-1365x2048.jpg 1365w, https:\/\/www.paredes.es\/subeteporlasparedes\/wp-content\/uploads\/2021\/10\/Igna-Ferriol-Paredes-descubriendo-con-paredes-4-1200x1800.jpg 1200w\" sizes=\"(max-width: 1500px) 100vw, 1500px\" \/><\/a><\/figure><\/div>\n\n\n\n<ul class=\"wp-block-list\"><li><strong>Cu\u00e9ntanos el secreto para hacer esas fotazas, \u00bfviajas con alguien m\u00e1s?<\/strong><\/li><\/ul>\n\n\n\n<p><em>\u00abS\u00ed, la mayor parte del tiempo viajamos con amigos y amigas fot\u00f3grafos, necesitamos crear todo el contenido posible durante esta aventura y<strong> venir con gente siempre es m\u00e1s divertido<\/strong>. Aunque tambi\u00e9n tenemos nuestros momentos de estar solos y son incre\u00edbles.\u00bb<\/em><\/p>\n\n\n\n<ul class=\"wp-block-list\"><li><strong>\u00bfQu\u00e9 es lo que nunca os puede faltar cuando sal\u00eds de viaje Hanna y t\u00fa?<\/strong><\/li><\/ul>\n\n\n\n<p><em>\u00abA Hanna no le puede faltar sus pelotas y frisbies. A mi no me falta nunca la c\u00e1mara para aprovechar cualquier momento para sacar fotos.\u00bb<\/em><\/p>\n\n\n\n<p><meta charset=\"utf-8\"><li><strong>A<strong>\u00fanas fotograf\u00eda y naturaleza, \u00bfse necesitan grandes rutas de senderismo para descubrir esta maravilla de paisajes? \u00bfCu\u00e1les son las rutas de senderismo de tu tierra que nos recomendar\u00edas hacer?<\/strong><\/strong><\/li><\/p>\n\n\n\n<p><em>\u00abPara nada, nosotros en este viaje hemos hecho rutas cortas y medias, se pueden ver lugares incre\u00edbles en todo tipo de rutas.<br>En Tenerife hay rutas incre\u00edbles, desde las vueltas de Taganana, pasando por la ruta del barranco de Masca y terminando por una de las miles de rutas que hay en el Teide.\u00bb<\/em><\/p>\n\n\n\n<div class=\"wp-block-image\"><figure class=\"aligncenter size-full\"><img loading=\"lazy\" decoding=\"async\" width=\"1500\" height=\"2247\" src=\"https:\/\/www.paredes.es\/subeteporlasparedes\/wp-content\/uploads\/2021\/10\/Igna-Ferriol-Paredes-descubriendo-con-paredes-1.jpg\" alt=\"Igna Ferriol descubriendo con Paredes\" class=\"wp-image-8418\" srcset=\"https:\/\/www.paredes.es\/subeteporlasparedes\/wp-content\/uploads\/2021\/10\/Igna-Ferriol-Paredes-descubriendo-con-paredes-1.jpg 1500w, https:\/\/www.paredes.es\/subeteporlasparedes\/wp-content\/uploads\/2021\/10\/Igna-Ferriol-Paredes-descubriendo-con-paredes-1-100x150.jpg 100w, https:\/\/www.paredes.es\/subeteporlasparedes\/wp-content\/uploads\/2021\/10\/Igna-Ferriol-Paredes-descubriendo-con-paredes-1-334x500.jpg 334w, https:\/\/www.paredes.es\/subeteporlasparedes\/wp-content\/uploads\/2021\/10\/Igna-Ferriol-Paredes-descubriendo-con-paredes-1-768x1150.jpg 768w, https:\/\/www.paredes.es\/subeteporlasparedes\/wp-content\/uploads\/2021\/10\/Igna-Ferriol-Paredes-descubriendo-con-paredes-1-1025x1536.jpg 1025w, https:\/\/www.paredes.es\/subeteporlasparedes\/wp-content\/uploads\/2021\/10\/Igna-Ferriol-Paredes-descubriendo-con-paredes-1-1367x2048.jpg 1367w, https:\/\/www.paredes.es\/subeteporlasparedes\/wp-content\/uploads\/2021\/10\/Igna-Ferriol-Paredes-descubriendo-con-paredes-1-1200x1798.jpg 1200w\" sizes=\"(max-width: 1500px) 100vw, 1500px\" \/><\/figure><\/div>\n\n\n\n<ul class=\"wp-block-list\"><li><strong>\u00bfNo echas de menos la tranquilidad del hogar y vivir la rutina del d\u00eda a d\u00eda?<\/strong><\/li><\/ul>\n\n\n\n<p><em>\u00ab<strong>Sinceramente no<\/strong>. Cuanto m\u00e1s tiempo paso fuera m\u00e1s ganas de seguir haci\u00e9ndolo tengo, Tenerife siempre ser\u00e1 mi casa pero esta vida que tenemos ahora es lo que siempre he so\u00f1ado, espero que dure mucho tiempo.\u00bb<\/em><\/p>\n\n\n\n<blockquote class=\"wp-block-quote has-text-align-center is-style-large is-layout-flow wp-block-quote-is-layout-flow\"><p>\u00abCuanto m\u00e1s tiempo paso fuera, m\u00e1s ganas de seguir haci\u00e9ndolo tengo.\u00bb<\/p><cite>Igna Ferriol<\/cite><\/blockquote>\n\n\n\n<ul class=\"wp-block-list\"><li><strong>\u00bfC\u00f3mo definir\u00edas el v\u00ednculo que tienes con Hanna en una palabra?<\/strong><\/li><\/ul>\n\n\n\n<p><em>\u00ab<strong>Conexi\u00f3n<\/strong>. El v\u00ednculo con ella es perfecto, nos entendemos solo con una mirada. Conectar as\u00ed con ella nos dedic\u00f3 mucho tiempo de entrenamiento y confianza pero a d\u00eda de hoy es incre\u00edble.\u00bb<\/em><\/p>\n\n\n\n<ul class=\"wp-block-list\"><li><strong>\u00bfCu\u00e1l ser\u00e1 tu pr\u00f3ximo destino?<\/strong><\/li><\/ul>\n\n\n\n<p><em>\u00abTenemos muchas ideas en mente, a final de mes nos<strong> iremos al sur de Alemania <\/strong>en busca de castillos y lagos.\u00bb<\/em><\/p>\n\n\n\n<ol class=\"wp-block-list\" type=\"1\"><li><strong>\u00bfQu\u00e9 es lo que m\u00e1s te gusta de viajar?<\/strong><\/li><\/ol>\n\n\n\n<p><em>\u00abLa <strong>libertad<\/strong>, descubrir tantos lugares nuevos, ver a Hanna feliz, <strong>viajar es el mayor placer del mundo.<\/strong>\u00ab<\/em><\/p>\n\n\n\n<div class=\"wp-block-image\"><figure class=\"aligncenter size-full\"><a href=\"https:\/\/www.paredes.es\/es\/catalogo\/producto\/1111\/lt20194\/zapatillas-trekking-hombre-tazones\/\" target=\"_blank\" rel=\"noopener\"><img loading=\"lazy\" decoding=\"async\" width=\"1500\" height=\"2250\" src=\"https:\/\/www.paredes.es\/subeteporlasparedes\/wp-content\/uploads\/2021\/10\/Igna-Ferriol-Paredes-descubriendo-con-paredes-3.jpg\" alt=\"Igna Ferriol descubriendo con Paredes\" class=\"wp-image-8420\" srcset=\"https:\/\/www.paredes.es\/subeteporlasparedes\/wp-content\/uploads\/2021\/10\/Igna-Ferriol-Paredes-descubriendo-con-paredes-3.jpg 1500w, https:\/\/www.paredes.es\/subeteporlasparedes\/wp-content\/uploads\/2021\/10\/Igna-Ferriol-Paredes-descubriendo-con-paredes-3-100x150.jpg 100w, https:\/\/www.paredes.es\/subeteporlasparedes\/wp-content\/uploads\/2021\/10\/Igna-Ferriol-Paredes-descubriendo-con-paredes-3-333x500.jpg 333w, https:\/\/www.paredes.es\/subeteporlasparedes\/wp-content\/uploads\/2021\/10\/Igna-Ferriol-Paredes-descubriendo-con-paredes-3-768x1152.jpg 768w, https:\/\/www.paredes.es\/subeteporlasparedes\/wp-content\/uploads\/2021\/10\/Igna-Ferriol-Paredes-descubriendo-con-paredes-3-1024x1536.jpg 1024w, https:\/\/www.paredes.es\/subeteporlasparedes\/wp-content\/uploads\/2021\/10\/Igna-Ferriol-Paredes-descubriendo-con-paredes-3-1365x2048.jpg 1365w, https:\/\/www.paredes.es\/subeteporlasparedes\/wp-content\/uploads\/2021\/10\/Igna-Ferriol-Paredes-descubriendo-con-paredes-3-1200x1800.jpg 1200w\" sizes=\"(max-width: 1500px) 100vw, 1500px\" \/><\/a><\/figure><\/div>\n\n\n\n<ul class=\"wp-block-list\" type=\"1\"><li><strong>\u00bfA d\u00f3nde quieres que te lleven las Paredes?<\/strong><\/li><\/ul>\n\n\n\n<p><em>\u00ab<strong>A recorrer el mundo<\/strong>, espero que nos acompa\u00f1en en toda esta aventura y podamos seguir disfrutando juntos de esto.\u00bb<\/em><\/p>\n\n\n\n<ul class=\"wp-block-list\" type=\"1\"><li><strong>Y por \u00faltimo \u00bfa qu\u00e9 viajero\/a nos recomiendas para realizarle esta misma entrevista y participar en el Blog de Paredes?<\/strong><\/li><\/ul>\n\n\n\n<p><em>\u00ab<strong><a href=\"https:\/\/www.instagram.com\/heymaymiles\/\" target=\"_blank\" rel=\"noreferrer noopener\">@heymaymiles<\/a><\/strong> nos ha acompa\u00f1ado en casi toda esta aventura y su cuenta es de lo mejor que hay, disfruta viajando como nosotros.\u00bb<\/em><\/p>\n\n\n<h2>Para saber m\u00e1s <span style=\"font-family: 'Segoe UI Symbol',sans-serif; mso-bidi-font-family: 'Segoe UI Symbol';\">\u27a4 <a href=\"https:\/\/www.instagram.com\/igna.ferriol\/\" target=\"_blank\" rel=\"noopener\">IGNA FERRIOL<\/a><\/span><\/h2>\n<p><!-- [if gte mso 10]>\n\n\n\n\n\n\n\n\n\n\n\n\n\n\n\n\n\n\n\n\n\n\n\n\n\n\n\n\n\n\n\n\n\n\n\n\n\n\n<style>\n \/* Style Definitions *\/\n table.MsoNormalTable\n\t{mso-style-name:\"Tabla normal\";\n\tmso-tstyle-rowband-size:0;\n\tmso-tstyle-colband-size:0;\n\tmso-style-noshow:yes;\n\tmso-style-priority:99;\n\tmso-style-parent:\"\";\n\tmso-padding-alt:0cm 5.4pt 0cm 5.4pt;\n\tmso-para-margin:0cm;\n\tmso-para-margin-bottom:.0001pt;\n\tmso-pagination:widow-orphan;\n\tfont-size:12.0pt;\n\tfont-family:\"Calibri\",sans-serif;\n\tmso-ascii-font-family:Calibri;\n\tmso-ascii-theme-font:minor-latin;\n\tmso-hansi-font-family:Calibri;\n\tmso-hansi-theme-font:minor-latin;\n\tmso-bidi-font-family:\"Times New Roman\";\n\tmso-bidi-theme-font:minor-bidi;\n\tmso-fareast-language:EN-US;}\n<\/style>\n\n\n\n\n\n\n\n\n\n\n\n\n\n\n\n\n\n\n\n\n\n\n\n\n\n\n\n\n\n\n\n\n\n\n\n\n\n\n<![endif]--><!-- [if gte mso 9]><xml>\n <o:shapedefaults v:ext=\"edit\" spidmax=\"1026\"\/>\n<\/xml><![endif]--><!-- [if gte mso 9]><xml>\n <o:shapelayout v:ext=\"edit\">\n  <o:idmap v:ext=\"edit\" data=\"1\"\/>\n <\/o:shapelayout><\/xml><![endif]--><\/p>\n<div class=\"MsoNormal\" style=\"text-align: center;\" align=\"center\"><hr align=\"center\" size=\"0\" width=\"100%\" \/>\n<h2 style=\"text-align: left;\"><strong style=\"color: inherit; font-size: 33px;\"><i><span style=\"font-family: 'Calibri Light',sans-serif; mso-ascii-theme-font: major-latin; mso-hansi-theme-font: major-latin; mso-bidi-font-family: 'Times New Roman'; mso-bidi-theme-font: major-bidi; font-weight: normal;\">\u00bfQuieres <\/span><\/i><\/strong><strong style=\"color: inherit; font-size: 33px;\"><i><span style=\"font-family: 'Calibri Light',sans-serif; mso-ascii-theme-font: major-latin; mso-hansi-theme-font: major-latin; mso-bidi-font-family: 'Times New Roman'; mso-bidi-theme-font: major-bidi; font-weight: normal;\">participar en nuestra Secci\u00f3n fotogr\u00e1fica?<\/span><\/i><\/strong><\/h2>\n<\/div>\n<p><!-- \/wp:post-content --><!-- wp:paragraph --><\/p>\n<h3><strong>Atiende estos pasos porque si eres seleccionada\/o, difundiremos tu trabajo en nuestras RRSS y en nuestro Blog. \u00a1Formar\u00e1s parte de las acciones de la marca Paredes!\u00a0<\/strong><\/h3>\n<p><!-- \/wp:paragraph --><!-- wp:heading {\"level\":3} --><\/p>\n<h3>C\u00f3mo participar si quieres dar a conocer tu fotograf\u00eda:<\/h3>\n<ul type=\"disc\">\n<li class=\"MsoNormal\" style=\"mso-margin-top-alt: auto; mso-margin-bottom-alt: auto; mso-list: l0 level1 lfo1; tab-stops: list 36.0pt;\">Env\u00edanos un correo a <strong><span style=\"font-family: 'Calibri',sans-serif; mso-ascii-theme-font: minor-latin; mso-hansi-theme-font: minor-latin; mso-bidi-font-family: 'Times New Roman'; mso-bidi-theme-font: minor-bidi;\">comunicacion@paredes.es<\/span><\/strong> con tu perfil de Instagram. H\u00e1blanos de ti y dinos si tienes web o RR.SS donde muestras tu fotograf\u00eda para que podamos echar un vistazo a tu trabajo. Si eres seleccionada\/o publicaremos tu trabajo y te daremos difusi\u00f3n en todos nuestros canales sociales.<\/li>\n<\/ul>\n<p><!-- \/wp:heading --><!-- wp:heading {\"level\":1} --><\/p>\n<h2>TE ESPERAMOS!<\/h2>","protected":false},"excerpt":{"rendered":"<p>Lo tenemos claro, ir por el mundo descubriendo nuevos caminos nos va, as\u00ed que nos hemos ido con el fot\u00f3grafo Igna Ferriol y Hanna, su Border Collie a dar un buen paseo y esta es su experiencia.<\/p>\n","protected":false},"author":1,"featured_media":8435,"comment_status":"open","ping_status":"open","sticky":false,"template":"","format":"standard","meta":{"sfsi_plus_gutenberg_text_before_share":"","sfsi_plus_gutenberg_show_text_before_share":"","sfsi_plus_gutenberg_icon_type":"","sfsi_plus_gutenberg_icon_alignemt":"","sfsi_plus_gutenburg_max_per_row":"","footnotes":""},"categories":[547,574,557,556,548,567,551,572],"tags":[333,637,634,638,136,639,636,635,488,311],"class_list":["post-8406","post","type-post","status-publish","format-standard","has-post-thumbnail","hentry","category-blog","category-colaboraciones","category-emprendedores","category-fotografia","category-naturaleza","category-viaja-con-p","category-viaje","category-viajeros","tag-blog","tag-botas-para-viajar","tag-descubre-con-paredes","tag-descubriendo-nuevos-caminos","tag-fotografia","tag-se-hace-camino-al-andar","tag-viajar","tag-viajar-con-perro","tag-zapatillas-para-viajar","tag-zapatillas-paredes"],"yoast_head":"<!-- This site is optimized with the Yoast SEO plugin v27.7 - https:\/\/yoast.com\/product\/yoast-seo-wordpress\/ -->\n<title>Descubriendo nuevos caminos con Igna Ferriol &amp; Hanna | Blog | Paredes<\/title>\n<meta name=\"description\" content=\"Ir por el mundo descubriendo nuevos caminos nos va \u00a1y mucho! As\u00ed que nos hemos ido con Igna Ferriol y con su Border Collie, Hanna.\" \/>\n<meta name=\"robots\" content=\"index, follow, max-snippet:-1, max-image-preview:large, max-video-preview:-1\" \/>\n<link rel=\"canonical\" href=\"https:\/\/www.paredes.es\/subeteporlasparedes\/descubriendo-nuevos-caminos-con-igna-ferriol-hanna\/\" \/>\n<meta property=\"og:locale\" content=\"es_ES\" \/>\n<meta property=\"og:type\" content=\"article\" \/>\n<meta property=\"og:title\" content=\"Descubriendo nuevos caminos con Igna Ferriol &amp; Hanna | Blog | Paredes\" \/>\n<meta property=\"og:description\" content=\"Ir por el mundo descubriendo nuevos caminos nos va \u00a1y mucho! As\u00ed que nos hemos ido con Igna Ferriol y con su Border Collie, Hanna.\" \/>\n<meta property=\"og:url\" content=\"https:\/\/www.paredes.es\/subeteporlasparedes\/descubriendo-nuevos-caminos-con-igna-ferriol-hanna\/\" \/>\n<meta property=\"og:site_name\" content=\"S\u00fabete por las paredes\" \/>\n<meta property=\"article:published_time\" content=\"2021-10-11T09:47:31+00:00\" \/>\n<meta property=\"article:modified_time\" content=\"2021-10-11T11:19:55+00:00\" \/>\n<meta property=\"og:image\" content=\"https:\/\/www.paredes.es\/subeteporlasparedes\/wp-content\/uploads\/2021\/10\/Portadas-blog-paredes-igna-ferriol.jpg\" \/>\n\t<meta property=\"og:image:width\" content=\"1423\" \/>\n\t<meta property=\"og:image:height\" content=\"898\" \/>\n\t<meta property=\"og:image:type\" content=\"image\/jpeg\" \/>\n<meta name=\"author\" content=\"Paredes\" \/>\n<meta name=\"twitter:card\" content=\"summary_large_image\" \/>\n<meta name=\"twitter:label1\" content=\"Escrito por\" \/>\n\t<meta name=\"twitter:data1\" content=\"Paredes\" \/>\n\t<meta name=\"twitter:label2\" content=\"Tiempo de lectura\" \/>\n\t<meta name=\"twitter:data2\" content=\"6 minutos\" \/>\n<script type=\"application\/ld+json\" class=\"yoast-schema-graph\">{\"@context\":\"https:\\\/\\\/schema.org\",\"@graph\":[{\"@type\":\"Article\",\"@id\":\"https:\\\/\\\/www.paredes.es\\\/subeteporlasparedes\\\/descubriendo-nuevos-caminos-con-igna-ferriol-hanna\\\/#article\",\"isPartOf\":{\"@id\":\"https:\\\/\\\/www.paredes.es\\\/subeteporlasparedes\\\/descubriendo-nuevos-caminos-con-igna-ferriol-hanna\\\/\"},\"author\":{\"name\":\"Paredes\",\"@id\":\"https:\\\/\\\/www.paredes.es\\\/subeteporlasparedes\\\/#\\\/schema\\\/person\\\/9ced194fcb4ec60a2791bf729f69b60f\"},\"headline\":\"Descubriendo nuevos caminos con Igna Ferriol &#038; Hanna\",\"datePublished\":\"2021-10-11T09:47:31+00:00\",\"dateModified\":\"2021-10-11T11:19:55+00:00\",\"mainEntityOfPage\":{\"@id\":\"https:\\\/\\\/www.paredes.es\\\/subeteporlasparedes\\\/descubriendo-nuevos-caminos-con-igna-ferriol-hanna\\\/\"},\"wordCount\":1006,\"commentCount\":0,\"publisher\":{\"@id\":\"https:\\\/\\\/www.paredes.es\\\/subeteporlasparedes\\\/#organization\"},\"image\":{\"@id\":\"https:\\\/\\\/www.paredes.es\\\/subeteporlasparedes\\\/descubriendo-nuevos-caminos-con-igna-ferriol-hanna\\\/#primaryimage\"},\"thumbnailUrl\":\"https:\\\/\\\/www.paredes.es\\\/subeteporlasparedes\\\/wp-content\\\/uploads\\\/2021\\\/10\\\/Portadas-blog-paredes-igna-ferriol.jpg\",\"keywords\":[\"blog\",\"Botas para viajar\",\"Descubre con Paredes\",\"Descubriendo nuevos caminos\",\"fotograf\u00eda\",\"Se hace camino al andar\",\"Viajar\",\"Viajar con perro\",\"Zapatillas para viajar\",\"zapatillas paredes\"],\"articleSection\":[\"Blog\",\"Colaboraciones\",\"Emprendedores\",\"Fotograf\u00eda\",\"Naturaleza\",\"Viaja con P\",\"Viaje\",\"Viajeros\"],\"inLanguage\":\"es\",\"potentialAction\":[{\"@type\":\"CommentAction\",\"name\":\"Comment\",\"target\":[\"https:\\\/\\\/www.paredes.es\\\/subeteporlasparedes\\\/descubriendo-nuevos-caminos-con-igna-ferriol-hanna\\\/#respond\"]}]},{\"@type\":\"WebPage\",\"@id\":\"https:\\\/\\\/www.paredes.es\\\/subeteporlasparedes\\\/descubriendo-nuevos-caminos-con-igna-ferriol-hanna\\\/\",\"url\":\"https:\\\/\\\/www.paredes.es\\\/subeteporlasparedes\\\/descubriendo-nuevos-caminos-con-igna-ferriol-hanna\\\/\",\"name\":\"Descubriendo nuevos caminos con Igna Ferriol & Hanna | Blog | Paredes\",\"isPartOf\":{\"@id\":\"https:\\\/\\\/www.paredes.es\\\/subeteporlasparedes\\\/#website\"},\"primaryImageOfPage\":{\"@id\":\"https:\\\/\\\/www.paredes.es\\\/subeteporlasparedes\\\/descubriendo-nuevos-caminos-con-igna-ferriol-hanna\\\/#primaryimage\"},\"image\":{\"@id\":\"https:\\\/\\\/www.paredes.es\\\/subeteporlasparedes\\\/descubriendo-nuevos-caminos-con-igna-ferriol-hanna\\\/#primaryimage\"},\"thumbnailUrl\":\"https:\\\/\\\/www.paredes.es\\\/subeteporlasparedes\\\/wp-content\\\/uploads\\\/2021\\\/10\\\/Portadas-blog-paredes-igna-ferriol.jpg\",\"datePublished\":\"2021-10-11T09:47:31+00:00\",\"dateModified\":\"2021-10-11T11:19:55+00:00\",\"description\":\"Ir por el mundo descubriendo nuevos caminos nos va \u00a1y mucho! As\u00ed que nos hemos ido con Igna Ferriol y con su Border Collie, Hanna.\",\"breadcrumb\":{\"@id\":\"https:\\\/\\\/www.paredes.es\\\/subeteporlasparedes\\\/descubriendo-nuevos-caminos-con-igna-ferriol-hanna\\\/#breadcrumb\"},\"inLanguage\":\"es\",\"potentialAction\":[{\"@type\":\"ReadAction\",\"target\":[\"https:\\\/\\\/www.paredes.es\\\/subeteporlasparedes\\\/descubriendo-nuevos-caminos-con-igna-ferriol-hanna\\\/\"]}]},{\"@type\":\"ImageObject\",\"inLanguage\":\"es\",\"@id\":\"https:\\\/\\\/www.paredes.es\\\/subeteporlasparedes\\\/descubriendo-nuevos-caminos-con-igna-ferriol-hanna\\\/#primaryimage\",\"url\":\"https:\\\/\\\/www.paredes.es\\\/subeteporlasparedes\\\/wp-content\\\/uploads\\\/2021\\\/10\\\/Portadas-blog-paredes-igna-ferriol.jpg\",\"contentUrl\":\"https:\\\/\\\/www.paredes.es\\\/subeteporlasparedes\\\/wp-content\\\/uploads\\\/2021\\\/10\\\/Portadas-blog-paredes-igna-ferriol.jpg\",\"width\":1423,\"height\":898,\"caption\":\"Igna Ferriol descubriendo con Paredes\"},{\"@type\":\"BreadcrumbList\",\"@id\":\"https:\\\/\\\/www.paredes.es\\\/subeteporlasparedes\\\/descubriendo-nuevos-caminos-con-igna-ferriol-hanna\\\/#breadcrumb\",\"itemListElement\":[{\"@type\":\"ListItem\",\"position\":1,\"name\":\"Portada\",\"item\":\"https:\\\/\\\/www.paredes.es\\\/subeteporlasparedes\\\/\"},{\"@type\":\"ListItem\",\"position\":2,\"name\":\"Descubriendo nuevos caminos con Igna Ferriol &#038; Hanna\"}]},{\"@type\":\"WebSite\",\"@id\":\"https:\\\/\\\/www.paredes.es\\\/subeteporlasparedes\\\/#website\",\"url\":\"https:\\\/\\\/www.paredes.es\\\/subeteporlasparedes\\\/\",\"name\":\"S\u00fabete por las paredes\",\"description\":\"\",\"publisher\":{\"@id\":\"https:\\\/\\\/www.paredes.es\\\/subeteporlasparedes\\\/#organization\"},\"potentialAction\":[{\"@type\":\"SearchAction\",\"target\":{\"@type\":\"EntryPoint\",\"urlTemplate\":\"https:\\\/\\\/www.paredes.es\\\/subeteporlasparedes\\\/?s={search_term_string}\"},\"query-input\":{\"@type\":\"PropertyValueSpecification\",\"valueRequired\":true,\"valueName\":\"search_term_string\"}}],\"inLanguage\":\"es\"},{\"@type\":\"Organization\",\"@id\":\"https:\\\/\\\/www.paredes.es\\\/subeteporlasparedes\\\/#organization\",\"name\":\"S\u00fabete por las paredes\",\"url\":\"https:\\\/\\\/www.paredes.es\\\/subeteporlasparedes\\\/\",\"logo\":{\"@type\":\"ImageObject\",\"inLanguage\":\"es\",\"@id\":\"https:\\\/\\\/www.paredes.es\\\/subeteporlasparedes\\\/#\\\/schema\\\/logo\\\/image\\\/\",\"url\":\"https:\\\/\\\/www.paredes.es\\\/subeteporlasparedes\\\/wp-content\\\/uploads\\\/2022\\\/11\\\/logo-white.png\",\"contentUrl\":\"https:\\\/\\\/www.paredes.es\\\/subeteporlasparedes\\\/wp-content\\\/uploads\\\/2022\\\/11\\\/logo-white.png\",\"width\":240,\"height\":47,\"caption\":\"S\u00fabete por las paredes\"},\"image\":{\"@id\":\"https:\\\/\\\/www.paredes.es\\\/subeteporlasparedes\\\/#\\\/schema\\\/logo\\\/image\\\/\"}},{\"@type\":\"Person\",\"@id\":\"https:\\\/\\\/www.paredes.es\\\/subeteporlasparedes\\\/#\\\/schema\\\/person\\\/9ced194fcb4ec60a2791bf729f69b60f\",\"name\":\"Paredes\",\"image\":{\"@type\":\"ImageObject\",\"inLanguage\":\"es\",\"@id\":\"https:\\\/\\\/secure.gravatar.com\\\/avatar\\\/b15c86dd1a91a9cca959665d42ed14660be030f65db42570f77e48bc5d3d15ec?s=96&d=mm&r=g\",\"url\":\"https:\\\/\\\/secure.gravatar.com\\\/avatar\\\/b15c86dd1a91a9cca959665d42ed14660be030f65db42570f77e48bc5d3d15ec?s=96&d=mm&r=g\",\"contentUrl\":\"https:\\\/\\\/secure.gravatar.com\\\/avatar\\\/b15c86dd1a91a9cca959665d42ed14660be030f65db42570f77e48bc5d3d15ec?s=96&d=mm&r=g\",\"caption\":\"Paredes\"},\"url\":\"https:\\\/\\\/www.paredes.es\\\/subeteporlasparedes\\\/author\\\/paredes-2\\\/\"}]}<\/script>\n<!-- \/ Yoast SEO plugin. -->","yoast_head_json":{"title":"Descubriendo nuevos caminos con Igna Ferriol & Hanna | Blog | Paredes","description":"Ir por el mundo descubriendo nuevos caminos nos va \u00a1y mucho! As\u00ed que nos hemos ido con Igna Ferriol y con su Border Collie, Hanna.","robots":{"index":"index","follow":"follow","max-snippet":"max-snippet:-1","max-image-preview":"max-image-preview:large","max-video-preview":"max-video-preview:-1"},"canonical":"https:\/\/www.paredes.es\/subeteporlasparedes\/descubriendo-nuevos-caminos-con-igna-ferriol-hanna\/","og_locale":"es_ES","og_type":"article","og_title":"Descubriendo nuevos caminos con Igna Ferriol & Hanna | Blog | Paredes","og_description":"Ir por el mundo descubriendo nuevos caminos nos va \u00a1y mucho! As\u00ed que nos hemos ido con Igna Ferriol y con su Border Collie, Hanna.","og_url":"https:\/\/www.paredes.es\/subeteporlasparedes\/descubriendo-nuevos-caminos-con-igna-ferriol-hanna\/","og_site_name":"S\u00fabete por las paredes","article_published_time":"2021-10-11T09:47:31+00:00","article_modified_time":"2021-10-11T11:19:55+00:00","og_image":[{"width":1423,"height":898,"url":"https:\/\/www.paredes.es\/subeteporlasparedes\/wp-content\/uploads\/2021\/10\/Portadas-blog-paredes-igna-ferriol.jpg","type":"image\/jpeg"}],"author":"Paredes","twitter_card":"summary_large_image","twitter_misc":{"Escrito por":"Paredes","Tiempo de lectura":"6 minutos"},"schema":{"@context":"https:\/\/schema.org","@graph":[{"@type":"Article","@id":"https:\/\/www.paredes.es\/subeteporlasparedes\/descubriendo-nuevos-caminos-con-igna-ferriol-hanna\/#article","isPartOf":{"@id":"https:\/\/www.paredes.es\/subeteporlasparedes\/descubriendo-nuevos-caminos-con-igna-ferriol-hanna\/"},"author":{"name":"Paredes","@id":"https:\/\/www.paredes.es\/subeteporlasparedes\/#\/schema\/person\/9ced194fcb4ec60a2791bf729f69b60f"},"headline":"Descubriendo nuevos caminos con Igna Ferriol &#038; Hanna","datePublished":"2021-10-11T09:47:31+00:00","dateModified":"2021-10-11T11:19:55+00:00","mainEntityOfPage":{"@id":"https:\/\/www.paredes.es\/subeteporlasparedes\/descubriendo-nuevos-caminos-con-igna-ferriol-hanna\/"},"wordCount":1006,"commentCount":0,"publisher":{"@id":"https:\/\/www.paredes.es\/subeteporlasparedes\/#organization"},"image":{"@id":"https:\/\/www.paredes.es\/subeteporlasparedes\/descubriendo-nuevos-caminos-con-igna-ferriol-hanna\/#primaryimage"},"thumbnailUrl":"https:\/\/www.paredes.es\/subeteporlasparedes\/wp-content\/uploads\/2021\/10\/Portadas-blog-paredes-igna-ferriol.jpg","keywords":["blog","Botas para viajar","Descubre con Paredes","Descubriendo nuevos caminos","fotograf\u00eda","Se hace camino al andar","Viajar","Viajar con perro","Zapatillas para viajar","zapatillas paredes"],"articleSection":["Blog","Colaboraciones","Emprendedores","Fotograf\u00eda","Naturaleza","Viaja con P","Viaje","Viajeros"],"inLanguage":"es","potentialAction":[{"@type":"CommentAction","name":"Comment","target":["https:\/\/www.paredes.es\/subeteporlasparedes\/descubriendo-nuevos-caminos-con-igna-ferriol-hanna\/#respond"]}]},{"@type":"WebPage","@id":"https:\/\/www.paredes.es\/subeteporlasparedes\/descubriendo-nuevos-caminos-con-igna-ferriol-hanna\/","url":"https:\/\/www.paredes.es\/subeteporlasparedes\/descubriendo-nuevos-caminos-con-igna-ferriol-hanna\/","name":"Descubriendo nuevos caminos con Igna Ferriol & Hanna | Blog | Paredes","isPartOf":{"@id":"https:\/\/www.paredes.es\/subeteporlasparedes\/#website"},"primaryImageOfPage":{"@id":"https:\/\/www.paredes.es\/subeteporlasparedes\/descubriendo-nuevos-caminos-con-igna-ferriol-hanna\/#primaryimage"},"image":{"@id":"https:\/\/www.paredes.es\/subeteporlasparedes\/descubriendo-nuevos-caminos-con-igna-ferriol-hanna\/#primaryimage"},"thumbnailUrl":"https:\/\/www.paredes.es\/subeteporlasparedes\/wp-content\/uploads\/2021\/10\/Portadas-blog-paredes-igna-ferriol.jpg","datePublished":"2021-10-11T09:47:31+00:00","dateModified":"2021-10-11T11:19:55+00:00","description":"Ir por el mundo descubriendo nuevos caminos nos va \u00a1y mucho! As\u00ed que nos hemos ido con Igna Ferriol y con su Border Collie, Hanna.","breadcrumb":{"@id":"https:\/\/www.paredes.es\/subeteporlasparedes\/descubriendo-nuevos-caminos-con-igna-ferriol-hanna\/#breadcrumb"},"inLanguage":"es","potentialAction":[{"@type":"ReadAction","target":["https:\/\/www.paredes.es\/subeteporlasparedes\/descubriendo-nuevos-caminos-con-igna-ferriol-hanna\/"]}]},{"@type":"ImageObject","inLanguage":"es","@id":"https:\/\/www.paredes.es\/subeteporlasparedes\/descubriendo-nuevos-caminos-con-igna-ferriol-hanna\/#primaryimage","url":"https:\/\/www.paredes.es\/subeteporlasparedes\/wp-content\/uploads\/2021\/10\/Portadas-blog-paredes-igna-ferriol.jpg","contentUrl":"https:\/\/www.paredes.es\/subeteporlasparedes\/wp-content\/uploads\/2021\/10\/Portadas-blog-paredes-igna-ferriol.jpg","width":1423,"height":898,"caption":"Igna Ferriol descubriendo con Paredes"},{"@type":"BreadcrumbList","@id":"https:\/\/www.paredes.es\/subeteporlasparedes\/descubriendo-nuevos-caminos-con-igna-ferriol-hanna\/#breadcrumb","itemListElement":[{"@type":"ListItem","position":1,"name":"Portada","item":"https:\/\/www.paredes.es\/subeteporlasparedes\/"},{"@type":"ListItem","position":2,"name":"Descubriendo nuevos caminos con Igna Ferriol &#038; Hanna"}]},{"@type":"WebSite","@id":"https:\/\/www.paredes.es\/subeteporlasparedes\/#website","url":"https:\/\/www.paredes.es\/subeteporlasparedes\/","name":"S\u00fabete por las paredes","description":"","publisher":{"@id":"https:\/\/www.paredes.es\/subeteporlasparedes\/#organization"},"potentialAction":[{"@type":"SearchAction","target":{"@type":"EntryPoint","urlTemplate":"https:\/\/www.paredes.es\/subeteporlasparedes\/?s={search_term_string}"},"query-input":{"@type":"PropertyValueSpecification","valueRequired":true,"valueName":"search_term_string"}}],"inLanguage":"es"},{"@type":"Organization","@id":"https:\/\/www.paredes.es\/subeteporlasparedes\/#organization","name":"S\u00fabete por las paredes","url":"https:\/\/www.paredes.es\/subeteporlasparedes\/","logo":{"@type":"ImageObject","inLanguage":"es","@id":"https:\/\/www.paredes.es\/subeteporlasparedes\/#\/schema\/logo\/image\/","url":"https:\/\/www.paredes.es\/subeteporlasparedes\/wp-content\/uploads\/2022\/11\/logo-white.png","contentUrl":"https:\/\/www.paredes.es\/subeteporlasparedes\/wp-content\/uploads\/2022\/11\/logo-white.png","width":240,"height":47,"caption":"S\u00fabete por las paredes"},"image":{"@id":"https:\/\/www.paredes.es\/subeteporlasparedes\/#\/schema\/logo\/image\/"}},{"@type":"Person","@id":"https:\/\/www.paredes.es\/subeteporlasparedes\/#\/schema\/person\/9ced194fcb4ec60a2791bf729f69b60f","name":"Paredes","image":{"@type":"ImageObject","inLanguage":"es","@id":"https:\/\/secure.gravatar.com\/avatar\/b15c86dd1a91a9cca959665d42ed14660be030f65db42570f77e48bc5d3d15ec?s=96&d=mm&r=g","url":"https:\/\/secure.gravatar.com\/avatar\/b15c86dd1a91a9cca959665d42ed14660be030f65db42570f77e48bc5d3d15ec?s=96&d=mm&r=g","contentUrl":"https:\/\/secure.gravatar.com\/avatar\/b15c86dd1a91a9cca959665d42ed14660be030f65db42570f77e48bc5d3d15ec?s=96&d=mm&r=g","caption":"Paredes"},"url":"https:\/\/www.paredes.es\/subeteporlasparedes\/author\/paredes-2\/"}]}},"jetpack_featured_media_url":"https:\/\/www.paredes.es\/subeteporlasparedes\/wp-content\/uploads\/2021\/10\/Portadas-blog-paredes-igna-ferriol.jpg","_links":{"self":[{"href":"https:\/\/www.paredes.es\/subeteporlasparedes\/wp-json\/wp\/v2\/posts\/8406","targetHints":{"allow":["GET"]}}],"collection":[{"href":"https:\/\/www.paredes.es\/subeteporlasparedes\/wp-json\/wp\/v2\/posts"}],"about":[{"href":"https:\/\/www.paredes.es\/subeteporlasparedes\/wp-json\/wp\/v2\/types\/post"}],"author":[{"embeddable":true,"href":"https:\/\/www.paredes.es\/subeteporlasparedes\/wp-json\/wp\/v2\/users\/1"}],"replies":[{"embeddable":true,"href":"https:\/\/www.paredes.es\/subeteporlasparedes\/wp-json\/wp\/v2\/comments?post=8406"}],"version-history":[{"count":25,"href":"https:\/\/www.paredes.es\/subeteporlasparedes\/wp-json\/wp\/v2\/posts\/8406\/revisions"}],"predecessor-version":[{"id":8453,"href":"https:\/\/www.paredes.es\/subeteporlasparedes\/wp-json\/wp\/v2\/posts\/8406\/revisions\/8453"}],"wp:featuredmedia":[{"embeddable":true,"href":"https:\/\/www.paredes.es\/subeteporlasparedes\/wp-json\/wp\/v2\/media\/8435"}],"wp:attachment":[{"href":"https:\/\/www.paredes.es\/subeteporlasparedes\/wp-json\/wp\/v2\/media?parent=8406"}],"wp:term":[{"taxonomy":"category","embeddable":true,"href":"https:\/\/www.paredes.es\/subeteporlasparedes\/wp-json\/wp\/v2\/categories?post=8406"},{"taxonomy":"post_tag","embeddable":true,"href":"https:\/\/www.paredes.es\/subeteporlasparedes\/wp-json\/wp\/v2\/tags?post=8406"}],"curies":[{"name":"wp","href":"https:\/\/api.w.org\/{rel}","templated":true}]}}